{"id":25687,"date":"2024-09-17T00:00:23","date_gmt":"2024-09-16T22:00:23","guid":{"rendered":"https:\/\/www.comunicatur.info\/?p=25687"},"modified":"2024-09-16T19:41:16","modified_gmt":"2024-09-16T17:41:16","slug":"los-pisos-turisticos-reclaman-1-000-millones-a-la-generalitat-de-cataluna","status":"publish","type":"post","link":"https:\/\/www.comunicatur.info\/es\/los-pisos-turisticos-reclaman-1-000-millones-a-la-generalitat-de-cataluna\/","title":{"rendered":"Los pisos tur\u00edsticos reclaman 1.000 millones a la Generalitat de Catalu\u00f1a"},"content":{"rendered":"<p>Finalmente, el sector de los pisos tur\u00edsticos ha consumado su amenaza contra la administraci\u00f3n catalana por el decreto ley 3\/2023 que incide sobre las viviendas de uso tur\u00edstico (VUT). Seg\u00fan han explicado los m\u00e1ximos representantes de la patronal en Catalu\u00f1a, ya <strong>han presentado reclamaciones por responsabilidad patrimonial<\/strong> por valor de 1.000 millones de euros correspondientes a unos <strong>1.500 propietarios<\/strong>. Esta cifra, apuntan, solo es el inicio, ya que calculan que <strong>en Barcelona las reclamaciones podr\u00edan ascender a los 3.000 millones y a 7.000 si se tiene en cuenta el conjunto de Catalu\u00f1a<\/strong>.<\/p>\n<p><a href=\"https:\/\/www.comunicatur.info\/es\/barcelona-quiere-cerrar-todos-los-pisos-turisticos-en-2028-legales-e-ilegales\/\" target=\"_blank\" rel=\"noopener\">La normativa catalana que permitir\u00e1 la extinci\u00f3n de las licencias de uso tur\u00edstico en los pr\u00f3ximos a\u00f1os<\/a> -noviembre de 2028- puso en pie de guerra el sector que ahora ha pasado a la acci\u00f3n.<\/p>\n<p>Apartur, <strong>Asociaci\u00f3n de Apartamentos Tur\u00edsticos de Barcelona<\/strong>, est\u00e1 liderando las reclamaciones patrimoniales. El primer paso, seg\u00fan han informado, es presentar ante la Generalitat la<strong> petici\u00f3n de resarcimiento patrimonial por el da\u00f1o que causa su decreto<\/strong>. <strong>Una expropiaci\u00f3n encubierta<\/strong>, aseguran.<\/p>\n<p>Tienen tiempo para presentar el requerimiento hasta inicios de noviembre, un a\u00f1o despu\u00e9s de publicarse la normativa en el Diario Oficial (DOGC). En caso de no ser atendida esta reclamaci\u00f3n patrimonial trasladar\u00e1n la denuncia a la justicia ordinaria.<\/p>\n<p>Ya avisaron que no cejar\u00e1n en su intento, y <strong>si es necesario acudir\u00e1n a instancias europeas<\/strong> donde <a href=\"https:\/\/www.comunicatur.info\/es\/los-pisos-turisticos-de-barcelona-llevaran-la-guerra-a-la-ue\/\" target=\"_blank\" rel=\"noopener\">tienen claro que el decreto catal\u00e1n vulnera la doctrina de la UE.<\/a><\/p>\n<p>El montante de las indemnizaciones surge de calcular el beneficio que tendr\u00edan por su actividad de vivienda tur\u00edstica y que la administraci\u00f3n permitir\u00e1 extinguir en el corto futuro de cuatro a\u00f1os.<\/p>\n<p>El sector defiende a capa y espada su actividad. Creen que <strong>son una alternativa de alojamiento que abre las posibilidades al turismo familiar<\/strong>.<\/p>\n<p>Hasta el 40 % del alojamiento que hay en Barcelona lo conforman las viviendas de uso tur\u00edstico. Recuerdan que en la ciudad no se permiten nuevas licencias desde 2014 y que el beneficio que generan sobre sectores como la restauraci\u00f3n o el comercio son muy importantes.<\/p>\n<blockquote class=\"wp-embedded-content\" data-secret=\"lX8jn37Pt9\"><p><a href=\"https:\/\/www.comunicatur.info\/es\/barcelona-quiere-cerrar-todos-los-pisos-turisticos-en-2028-legales-e-ilegales\/\">Barcelona quiere cerrar todos los pisos tur\u00edsticos en 2028, legales e ilegales<\/a><\/p><\/blockquote>\n<p><iframe class=\"wp-embedded-content\" sandbox=\"allow-scripts\" security=\"restricted\" style=\"position: absolute; clip: rect(1px, 1px, 1px, 1px);\" title=\"&#8220;Barcelona quiere cerrar todos los pisos tur\u00edsticos en 2028, legales e ilegales&#8221; &#8212; Comunicatur\" src=\"https:\/\/www.comunicatur.info\/es\/barcelona-quiere-cerrar-todos-los-pisos-turisticos-en-2028-legales-e-ilegales\/embed\/#?secret=ocLTrBCOx4#?secret=lX8jn37Pt9\" data-secret=\"lX8jn37Pt9\" width=\"500\" height=\"282\" frameborder=\"0\" marginwidth=\"0\" marginheight=\"0\" scrolling=\"no\"><\/iframe><\/p>\n<blockquote class=\"wp-embedded-content\" data-secret=\"VFepeIwoAY\"><p><a href=\"https:\/\/www.comunicatur.info\/es\/los-pisos-turisticos-de-barcelona-llevaran-la-guerra-a-la-ue\/\">Los pisos tur\u00edsticos de Barcelona llevar\u00e1n la guerra a la UE<\/a><\/p><\/blockquote>\n<p><iframe class=\"wp-embedded-content\" sandbox=\"allow-scripts\" security=\"restricted\" style=\"position: absolute; clip: rect(1px, 1px, 1px, 1px);\" title=\"&#8220;Los pisos tur\u00edsticos de Barcelona llevar\u00e1n la guerra a la UE&#8221; &#8212; Comunicatur\" src=\"https:\/\/www.comunicatur.info\/es\/los-pisos-turisticos-de-barcelona-llevaran-la-guerra-a-la-ue\/embed\/#?secret=0hagHe0ZnS#?secret=VFepeIwoAY\" data-secret=\"VFepeIwoAY\" width=\"500\" height=\"282\" frameborder=\"0\" marginwidth=\"0\" marginheight=\"0\" scrolling=\"no\"><\/iframe><\/p>\n<blockquote class=\"wp-embedded-content\" data-secret=\"3c4Dd9aecN\"><p><a href=\"https:\/\/www.comunicatur.info\/es\/ata-informa-a-los-turistas-sobre-la-nueva-regulacion-de-las-viviendas-de-uso-turistico-vut\/\">ATA informa a los turistas sobre la nueva regulaci\u00f3n de las viviendas de uso tur\u00edstico (VUT)<\/a><\/p><\/blockquote>\n<p><iframe class=\"wp-embedded-content\" sandbox=\"allow-scripts\" security=\"restricted\" style=\"position: absolute; clip: rect(1px, 1px, 1px, 1px);\" title=\"&#8220;ATA informa a los turistas sobre la nueva regulaci\u00f3n de las viviendas de uso tur\u00edstico (VUT)&#8221; &#8212; Comunicatur\" src=\"https:\/\/www.comunicatur.info\/es\/ata-informa-a-los-turistas-sobre-la-nueva-regulacion-de-las-viviendas-de-uso-turistico-vut\/embed\/#?secret=isqxYUlO5R#?secret=3c4Dd9aecN\" data-secret=\"3c4Dd9aecN\" width=\"500\" height=\"282\" frameborder=\"0\" marginwidth=\"0\" marginheight=\"0\" scrolling=\"no\"><\/iframe><\/p>\n","protected":false},"excerpt":{"rendered":"<p>Finalmente, el sector de los pisos tur\u00edsticos ha consumado su amenaza contra la administraci\u00f3n catalana por el decreto ley 3\/2023 que incide sobre las viviendas de uso tur\u00edstico (VUT). Seg\u00fan han explicado los m\u00e1ximos representantes de la patronal en Catalu\u00f1a, ya han presentado reclamaciones por responsabilidad patrimonial por valor de 1.000 millones de euros correspondientes &hellip;<\/p>\n","protected":false},"author":408,"featured_media":25683,"comment_status":"closed","ping_status":"open","sticky":false,"template":"","format":"standard","meta":[],"categories":[59],"tags":[],"_links":{"self":[{"href":"https:\/\/www.comunicatur.info\/es\/wp-json\/wp\/v2\/posts\/25687"}],"collection":[{"href":"https:\/\/www.comunicatur.info\/es\/wp-json\/wp\/v2\/posts"}],"about":[{"href":"https:\/\/www.comunicatur.info\/es\/wp-json\/wp\/v2\/types\/post"}],"author":[{"embeddable":true,"href":"https:\/\/www.comunicatur.info\/es\/wp-json\/wp\/v2\/users\/408"}],"replies":[{"embeddable":true,"href":"https:\/\/www.comunicatur.info\/es\/wp-json\/wp\/v2\/comments?post=25687"}],"version-history":[{"count":3,"href":"https:\/\/www.comunicatur.info\/es\/wp-json\/wp\/v2\/posts\/25687\/revisions"}],"predecessor-version":[{"id":25695,"href":"https:\/\/www.comunicatur.info\/es\/wp-json\/wp\/v2\/posts\/25687\/revisions\/25695"}],"wp:featuredmedia":[{"embeddable":true,"href":"https:\/\/www.comunicatur.info\/es\/wp-json\/wp\/v2\/media\/25683"}],"wp:attachment":[{"href":"https:\/\/www.comunicatur.info\/es\/wp-json\/wp\/v2\/media?parent=25687"}],"wp:term":[{"taxonomy":"category","embeddable":true,"href":"https:\/\/www.comunicatur.info\/es\/wp-json\/wp\/v2\/categories?post=25687"},{"taxonomy":"post_tag","embeddable":true,"href":"https:\/\/www.comunicatur.info\/es\/wp-json\/wp\/v2\/tags?post=25687"}],"curies":[{"name":"wp","href":"https:\/\/api.w.org\/{rel}","templated":true}]}}