{"id":25635,"date":"2024-09-03T16:11:04","date_gmt":"2024-09-03T14:11:04","guid":{"rendered":"https:\/\/www.comunicatur.info\/?p=25635"},"modified":"2024-09-03T16:11:04","modified_gmt":"2024-09-03T14:11:04","slug":"turismo-de-cataluna-lo-dirigira-cristina-lage","status":"publish","type":"post","link":"https:\/\/www.comunicatur.info\/es\/turismo-de-cataluna-lo-dirigira-cristina-lage\/","title":{"rendered":"Turismo de Catalu\u00f1a lo dirigir\u00e1 Cristina Lag\u00e9"},"content":{"rendered":"<p>El nuevo gobierno catal\u00e1n ha nombrado a Cristina Lag\u00e9 como nueva directora general de Turismo en sustituci\u00f3n de Marta Dom\u00e8nech. Seg\u00fan ha comunicado la Generalitat de Catalu\u00f1a, Lag\u00e9 fue <strong>concejala delegada de Turismo Sostenible (2019-2023) en el Ayuntamiento de Donostia-San Sebasti\u00e1n<\/strong>, donde resid\u00eda desde el a\u00f1o 1994. Actualmente ocupaba la cartera de Diversidad, Inclusi\u00f3n e Igualdad de la capital guipuzcoana.<\/p>\n<p>Naci\u00f3 en Barcelona en 1966 y es Diplomada en Relaciones P\u00fablicas y M\u00e1ster en Protocolo. Ha desarrollado su <strong>vida profesional en el \u00e1mbito de la organizaci\u00f3n de eventos, el turismo receptivo<\/strong>, el marketing y la publicidad. Tambi\u00e9n ha trabajado en el sector de la hosteler\u00eda.<\/p>\n<p>Seg\u00fan destacan en su curr\u00edculum, Lag\u00e9 tuvo un papel importante durante la crisis provocada por la pandemia <strong><em>\u00abreformulando el sector tur\u00edstico de la ciudad vasca en base a la sostenibilidad social, econ\u00f3mica y medioambiental\u00bb.<\/em><\/strong><\/p>\n<p>Esta experiencia le puede servir para dar un <strong>impulso al Compromiso por un Turismo Responsable<\/strong> <strong>en Catalu\u00f1a<\/strong> que ha dejado como legado la hasta ahora directora, Marta Dom\u00e8nech.<\/p>\n","protected":false},"excerpt":{"rendered":"<p>El nuevo gobierno catal\u00e1n ha nombrado a Cristina Lag\u00e9 como nueva directora general de Turismo en sustituci\u00f3n de Marta Dom\u00e8nech. Seg\u00fan ha comunicado la Generalitat de Catalu\u00f1a, Lag\u00e9 fue concejala delegada de Turismo Sostenible (2019-2023) en el Ayuntamiento de Donostia-San Sebasti\u00e1n, donde resid\u00eda desde el a\u00f1o 1994. Actualmente ocupaba la cartera de Diversidad, Inclusi\u00f3n e &hellip;<\/p>\n","protected":false},"author":408,"featured_media":25633,"comment_status":"closed","ping_status":"open","sticky":false,"template":"","format":"standard","meta":[],"categories":[68],"tags":[],"_links":{"self":[{"href":"https:\/\/www.comunicatur.info\/es\/wp-json\/wp\/v2\/posts\/25635"}],"collection":[{"href":"https:\/\/www.comunicatur.info\/es\/wp-json\/wp\/v2\/posts"}],"about":[{"href":"https:\/\/www.comunicatur.info\/es\/wp-json\/wp\/v2\/types\/post"}],"author":[{"embeddable":true,"href":"https:\/\/www.comunicatur.info\/es\/wp-json\/wp\/v2\/users\/408"}],"replies":[{"embeddable":true,"href":"https:\/\/www.comunicatur.info\/es\/wp-json\/wp\/v2\/comments?post=25635"}],"version-history":[{"count":1,"href":"https:\/\/www.comunicatur.info\/es\/wp-json\/wp\/v2\/posts\/25635\/revisions"}],"predecessor-version":[{"id":25636,"href":"https:\/\/www.comunicatur.info\/es\/wp-json\/wp\/v2\/posts\/25635\/revisions\/25636"}],"wp:featuredmedia":[{"embeddable":true,"href":"https:\/\/www.comunicatur.info\/es\/wp-json\/wp\/v2\/media\/25633"}],"wp:attachment":[{"href":"https:\/\/www.comunicatur.info\/es\/wp-json\/wp\/v2\/media?parent=25635"}],"wp:term":[{"taxonomy":"category","embeddable":true,"href":"https:\/\/www.comunicatur.info\/es\/wp-json\/wp\/v2\/categories?post=25635"},{"taxonomy":"post_tag","embeddable":true,"href":"https:\/\/www.comunicatur.info\/es\/wp-json\/wp\/v2\/tags?post=25635"}],"curies":[{"name":"wp","href":"https:\/\/api.w.org\/{rel}","templated":true}]}}