{"id":25595,"date":"2024-08-29T00:00:59","date_gmt":"2024-08-28T22:00:59","guid":{"rendered":"https:\/\/www.comunicatur.info\/?p=25595"},"modified":"2024-08-27T18:09:45","modified_gmt":"2024-08-27T16:09:45","slug":"manifestacion-para-exigir-mejores-condiciones-para-las-kellys","status":"publish","type":"post","link":"https:\/\/www.comunicatur.info\/es\/manifestacion-para-exigir-mejores-condiciones-para-las-kellys\/","title":{"rendered":"Manifestaci\u00f3n para exigir mejores condiciones para las kellys"},"content":{"rendered":"<p>Las camareras de piso de hotel, conocidas como las \u2018kellys\u2019, aprovechan la temporada alta tur\u00edstica para reclamar mejores condiciones laborales y salariales en el convenio.<\/p>\n<p>En plena ola de verano una cincuentena de trabajadoras de limpieza en alojamientos tur\u00edsticos se ha manifestado en Barcelona para <strong>exigir sus ya eternas reclamaciones<\/strong>. Entre ellas piden m\u00e1s inspecciones de Trabajo para proteger su situaci\u00f3n laboral y <strong>el reconocimiento de las enfermedades asociadas a su trabajo<\/strong>.<\/p>\n<p>Las manifestantes han exhibido fotograf\u00edas de <strong>c\u00f3mo se llegan a encontrar algunas habitaciones y c\u00f3mo est\u00e1n obligadas a limpiarlas<\/strong> en un tiempo r\u00e9cord. La carga de trabajo supera las capacidades f\u00edsicas de muchas camareras. <strong>Piden poder jubilarse de forma anticipada<\/strong> ante el esfuerzo que realizan que afectan su salud. Y adem\u00e1s de mejores salarios tambi\u00e9n solicitan medidas de conciliaci\u00f3n.<\/p>\n<blockquote class=\"twitter-tweet\">\n<p dir=\"ltr\" lang=\"es\">En estos momentos. No nos van a callar\ud83d\udce2. Y ya es una d\u00e9cada de reivindicar lo mismo. Las mejoras no nos llegan. <a href=\"https:\/\/twitter.com\/KellysUnio?ref_src=twsrc%5Etfw\" target=\"_blank\" rel=\"noopener\">@KellysUnio<\/a> <a href=\"https:\/\/twitter.com\/UnionKellys?ref_src=twsrc%5Etfw\" target=\"_blank\" rel=\"noopener\">@UnionKellys<\/a> <a href=\"https:\/\/twitter.com\/Kellysunionsev1?ref_src=twsrc%5Etfw\" target=\"_blank\" rel=\"noopener\">@Kellysunionsev1<\/a> <a href=\"https:\/\/twitter.com\/KellysFTVA?ref_src=twsrc%5Etfw\" target=\"_blank\" rel=\"noopener\">@KellysFTVA<\/a> <a href=\"https:\/\/twitter.com\/kellysbenidorm?ref_src=twsrc%5Etfw\" target=\"_blank\" rel=\"noopener\">@kellysbenidorm<\/a> <a href=\"https:\/\/twitter.com\/laskellysast?ref_src=twsrc%5Etfw\" target=\"_blank\" rel=\"noopener\">@laskellysast<\/a> <a href=\"https:\/\/twitter.com\/MenorcaUnion?ref_src=twsrc%5Etfw\" target=\"_blank\" rel=\"noopener\">@MenorcaUnion<\/a> <a href=\"https:\/\/twitter.com\/KellysAlicante?ref_src=twsrc%5Etfw\" target=\"_blank\" rel=\"noopener\">@KellysAlicante<\/a> <a href=\"https:\/\/t.co\/ctYG5vUx0B\" target=\"_blank\">pic.twitter.com\/ctYG5vUx0B<\/a><\/p>\n<p>\u2014 Kellys Uni\u00f3n Catalunya (@KellysunionCat) <a href=\"https:\/\/twitter.com\/KellysunionCat\/status\/1827754781055525293?ref_src=twsrc%5Etfw\" target=\"_blank\" rel=\"noopener\">August 25, 2024<\/a><\/p><\/blockquote>\n<p><script async src=\"https:\/\/platform.twitter.com\/widgets.js\" charset=\"utf-8\"><\/script><\/p>\n","protected":false},"excerpt":{"rendered":"<p>Las camareras de piso de hotel, conocidas como las \u2018kellys\u2019, aprovechan la temporada alta tur\u00edstica para reclamar mejores condiciones laborales y salariales en el convenio. En plena ola de verano una cincuentena de trabajadoras de limpieza en alojamientos tur\u00edsticos se ha manifestado en Barcelona para exigir sus ya eternas reclamaciones. Entre ellas piden m\u00e1s inspecciones &hellip;<\/p>\n","protected":false},"author":408,"featured_media":25594,"comment_status":"closed","ping_status":"open","sticky":false,"template":"","format":"standard","meta":[],"categories":[68],"tags":[],"_links":{"self":[{"href":"https:\/\/www.comunicatur.info\/es\/wp-json\/wp\/v2\/posts\/25595"}],"collection":[{"href":"https:\/\/www.comunicatur.info\/es\/wp-json\/wp\/v2\/posts"}],"about":[{"href":"https:\/\/www.comunicatur.info\/es\/wp-json\/wp\/v2\/types\/post"}],"author":[{"embeddable":true,"href":"https:\/\/www.comunicatur.info\/es\/wp-json\/wp\/v2\/users\/408"}],"replies":[{"embeddable":true,"href":"https:\/\/www.comunicatur.info\/es\/wp-json\/wp\/v2\/comments?post=25595"}],"version-history":[{"count":5,"href":"https:\/\/www.comunicatur.info\/es\/wp-json\/wp\/v2\/posts\/25595\/revisions"}],"predecessor-version":[{"id":25600,"href":"https:\/\/www.comunicatur.info\/es\/wp-json\/wp\/v2\/posts\/25595\/revisions\/25600"}],"wp:featuredmedia":[{"embeddable":true,"href":"https:\/\/www.comunicatur.info\/es\/wp-json\/wp\/v2\/media\/25594"}],"wp:attachment":[{"href":"https:\/\/www.comunicatur.info\/es\/wp-json\/wp\/v2\/media?parent=25595"}],"wp:term":[{"taxonomy":"category","embeddable":true,"href":"https:\/\/www.comunicatur.info\/es\/wp-json\/wp\/v2\/categories?post=25595"},{"taxonomy":"post_tag","embeddable":true,"href":"https:\/\/www.comunicatur.info\/es\/wp-json\/wp\/v2\/tags?post=25595"}],"curies":[{"name":"wp","href":"https:\/\/api.w.org\/{rel}","templated":true}]}}