{"id":25585,"date":"2024-08-26T15:25:06","date_gmt":"2024-08-26T13:25:06","guid":{"rendered":"https:\/\/www.comunicatur.info\/?p=25585"},"modified":"2024-08-26T15:25:06","modified_gmt":"2024-08-26T13:25:06","slug":"la-frustrada-operacion-de-compra-de-air-europa","status":"publish","type":"post","link":"https:\/\/www.comunicatur.info\/es\/la-frustrada-operacion-de-compra-de-air-europa\/","title":{"rendered":"La frustrada operaci\u00f3n de compra de Air Europa"},"content":{"rendered":"<p>La compra de Air Europa se hab\u00eda convertido en un culebr\u00f3n. Inicialmente IAG \u2013matriz de Iberia- <strong>ten\u00eda un acuerdo para adquirir a Globalia el 80% de la aerol\u00ednea<\/strong>. Hace ahora dos a\u00f1os, en agosto de 2022, se hizo con el 20%.<\/p>\n<p>El holding formado por British Airways, Iberia, Vueling, Aer Lingus, LEVEL,\u00a0<em>IAG<\/em>\u00a0Loyalty y IAG\u00a0Cargo da marcha atr\u00e1s porque las exigencias de las autoridades europeas de la Competencia ante la fusi\u00f3n hacen que la operaci\u00f3n no tenga sentido. De inicio IAG <strong>estaba dispuesta a ceder m\u00e1s de la mitad de las rutas de Air Europa para evitar posiciones de dominio,<\/strong> pero seg\u00fan afirma el m\u00e1ximo responsable de la compa\u00f1\u00eda no ha sido suficiente. La Comisi\u00f3n investigaba si la fusi\u00f3n restring\u00eda la competencia en los servicios a\u00e9reos de pasajeros en Espa\u00f1a y en rutas de corta y larga distancia que conectan Espa\u00f1a con otros pa\u00edses.<\/p>\n<p>As\u00ed pues, IAG no completar\u00e1 la fusi\u00f3n porque cree que la operaci\u00f3n resultante ya no generar\u00eda beneficio a los accionistas. <strong>El cambio de postura le supondr\u00e1 el pago de 50 millones de euros a Globalia a modo de indemnizaci\u00f3n<\/strong>.<\/p>\n<p>Iberia seguir\u00e1 compitiendo con Air Europa en Espa\u00f1a. La aerol\u00ednea de Globalia a pesar de la operaci\u00f3n frustrada defiende que es una compa\u00f1\u00eda rentable y que cuenta con una estrategia de futuro que va a seguir potenciando jugando un <strong>papel importante en la conexi\u00f3n de Europa con Am\u00e9rica<\/strong>.<\/p>\n<p>Las organizaciones de consumidores como OCU\u00a0y CECU han celebrado la decisi\u00f3n de IAG porque <strong>la fusi\u00f3n perjudicaba a los pasajeros<\/strong>. Corr\u00edan el riesgo de enfrentarse a\u00a0tarifas\u00a0a\u00e9reas\u00a0m\u00e1s elevadas,\u00a0menos posibilidades de elecci\u00f3n de rutas y\u00a0servicios de peor calidad, argumentan.<\/p>\n<blockquote class=\"wp-embedded-content\" data-secret=\"pnVFt2XocB\"><p><a href=\"https:\/\/www.comunicatur.info\/es\/paralizada-la-fusion-de-iberia-y-air-europa\/\">Paralizada la fusi\u00f3n de Iberia y Air Europa<\/a><\/p><\/blockquote>\n<p><iframe class=\"wp-embedded-content\" sandbox=\"allow-scripts\" security=\"restricted\" style=\"position: absolute; clip: rect(1px, 1px, 1px, 1px);\" title=\"&#8220;Paralizada la fusi\u00f3n de Iberia y Air Europa&#8221; &#8212; Comunicatur\" src=\"https:\/\/www.comunicatur.info\/es\/paralizada-la-fusion-de-iberia-y-air-europa\/embed\/#?secret=MjWQPPyhg0#?secret=pnVFt2XocB\" data-secret=\"pnVFt2XocB\" width=\"500\" height=\"282\" frameborder=\"0\" marginwidth=\"0\" marginheight=\"0\" scrolling=\"no\"><\/iframe><\/p>\n","protected":false},"excerpt":{"rendered":"<p>La compra de Air Europa se hab\u00eda convertido en un culebr\u00f3n. Inicialmente IAG \u2013matriz de Iberia- ten\u00eda un acuerdo para adquirir a Globalia el 80% de la aerol\u00ednea. Hace ahora dos a\u00f1os, en agosto de 2022, se hizo con el 20%. El holding formado por British Airways, Iberia, Vueling, Aer Lingus, LEVEL,\u00a0IAG\u00a0Loyalty y IAG\u00a0Cargo da &hellip;<\/p>\n","protected":false},"author":408,"featured_media":18949,"comment_status":"closed","ping_status":"open","sticky":false,"template":"","format":"standard","meta":[],"categories":[61],"tags":[],"_links":{"self":[{"href":"https:\/\/www.comunicatur.info\/es\/wp-json\/wp\/v2\/posts\/25585"}],"collection":[{"href":"https:\/\/www.comunicatur.info\/es\/wp-json\/wp\/v2\/posts"}],"about":[{"href":"https:\/\/www.comunicatur.info\/es\/wp-json\/wp\/v2\/types\/post"}],"author":[{"embeddable":true,"href":"https:\/\/www.comunicatur.info\/es\/wp-json\/wp\/v2\/users\/408"}],"replies":[{"embeddable":true,"href":"https:\/\/www.comunicatur.info\/es\/wp-json\/wp\/v2\/comments?post=25585"}],"version-history":[{"count":1,"href":"https:\/\/www.comunicatur.info\/es\/wp-json\/wp\/v2\/posts\/25585\/revisions"}],"predecessor-version":[{"id":25586,"href":"https:\/\/www.comunicatur.info\/es\/wp-json\/wp\/v2\/posts\/25585\/revisions\/25586"}],"wp:featuredmedia":[{"embeddable":true,"href":"https:\/\/www.comunicatur.info\/es\/wp-json\/wp\/v2\/media\/18949"}],"wp:attachment":[{"href":"https:\/\/www.comunicatur.info\/es\/wp-json\/wp\/v2\/media?parent=25585"}],"wp:term":[{"taxonomy":"category","embeddable":true,"href":"https:\/\/www.comunicatur.info\/es\/wp-json\/wp\/v2\/categories?post=25585"},{"taxonomy":"post_tag","embeddable":true,"href":"https:\/\/www.comunicatur.info\/es\/wp-json\/wp\/v2\/tags?post=25585"}],"curies":[{"name":"wp","href":"https:\/\/api.w.org\/{rel}","templated":true}]}}