{"id":25541,"date":"2024-08-16T10:20:04","date_gmt":"2024-08-16T08:20:04","guid":{"rendered":"https:\/\/www.comunicatur.info\/?p=25541"},"modified":"2024-08-16T10:20:04","modified_gmt":"2024-08-16T08:20:04","slug":"el-pp-cambia-su-discurso-sobre-el-turismo-en-las-grandes-ciudades","status":"publish","type":"post","link":"https:\/\/www.comunicatur.info\/es\/el-pp-cambia-su-discurso-sobre-el-turismo-en-las-grandes-ciudades\/","title":{"rendered":"El PP cambia su discurso sobre el turismo en las grandes ciudades"},"content":{"rendered":"<p>Los responsables del Partido Popular que lideran destinos donde el turismo tiene un papel importante <strong>han dado un giro al posicionamiento sobre el turismo<\/strong>. As\u00ed en Baleares como en la C. Valenciana o en Andaluc\u00eda, los ediles populares <strong>est\u00e1n tomando medidas de limitaci\u00f3n y decrecimiento de la actividad tur\u00edstica<\/strong>.<\/p>\n<p>El alcalde de Sevilla, Jos\u00e9 Luis Sanz, es el m\u00e1s rotundo al afirmar que la ciudad <strong><em>\u00abno cabe ni una vivienda de uso tur\u00edstico m\u00e1s\u00bb<\/em><\/strong>. Su ayuntamiento es el que ha decidido tomar una de las medidas m\u00e1s contundentes de toda Espa\u00f1a para frenar la proliferaci\u00f3n de pisos tur\u00edsticos.<\/p>\n<p>Sanz calcula que en la capital de Andaluc\u00eda hay cerca de <strong>5.000 viviendas tur\u00edsticas ilegales a las que el consistorio responde con el corte del suministro de agua<\/strong>. Aquellas viviendas tur\u00edsticas a las que se les haya notificado que est\u00e1n actuando sin licencia y no cesen la actividad se les aplicar\u00e1 la dr\u00e1stica medida.<\/p>\n<p>Valencia y Palma de Mallorca tambi\u00e9n consideran que <strong>el turismo masificado afecta negativamente la vida de los ciudadanos<\/strong>. La alcaldesa de Valencia, del Partido Popular, Mar\u00eda Jos\u00e9 Catal\u00e0, ya anunci\u00f3 su intenci\u00f3n de <strong>limitar la afluencia crucerista<\/strong> prohibiendo los megacruceros a partir de 2026. La afluencia de cruceros en la capital ha crecido de manera exponencial, este a\u00f1o cerrar\u00e1n con m\u00e1s de 800.000 cruceristas y en 2025 esperan 900.000.<\/p>\n<p>En el caso de Palma, su alcalde popular, Jaime Mart\u00ednez, ya lleva tiempo presentando sus medidas de lucha contra la concentraci\u00f3n tur\u00edstica en la ciudad. Como explicamos en <strong><a href=\"https:\/\/www.comunicatur.info\/es\/palma-de-mallorca-toma-medidas-contra-la-masificacion-turistica\/\">Comunicatur<\/a><\/strong>, las medidas van desde prohibir nuevas licencias de alquiler tur\u00edstico, hasta <strong>limitar e imponer tasas<\/strong> a los cruceristas, pasando por frenar el alquiler de coches para los turistas.<\/p>\n<blockquote class=\"wp-embedded-content\" data-secret=\"vjWayLNhLg\"><p><a href=\"https:\/\/www.comunicatur.info\/es\/palma-de-mallorca-toma-medidas-contra-la-masificacion-turistica\/\">Palma de Mallorca toma medidas contra la masificaci\u00f3n tur\u00edstica<\/a><\/p><\/blockquote>\n<p><iframe class=\"wp-embedded-content\" sandbox=\"allow-scripts\" security=\"restricted\" style=\"position: absolute; clip: rect(1px, 1px, 1px, 1px);\" title=\"&#8220;Palma de Mallorca toma medidas contra la masificaci\u00f3n tur\u00edstica&#8221; &#8212; Comunicatur\" src=\"https:\/\/www.comunicatur.info\/es\/palma-de-mallorca-toma-medidas-contra-la-masificacion-turistica\/embed\/#?secret=gbou2thIOI#?secret=vjWayLNhLg\" data-secret=\"vjWayLNhLg\" width=\"500\" height=\"282\" frameborder=\"0\" marginwidth=\"0\" marginheight=\"0\" scrolling=\"no\"><\/iframe><\/p>\n","protected":false},"excerpt":{"rendered":"<p>Los responsables del Partido Popular que lideran destinos donde el turismo tiene un papel importante han dado un giro al posicionamiento sobre el turismo. As\u00ed en Baleares como en la C. Valenciana o en Andaluc\u00eda, los ediles populares est\u00e1n tomando medidas de limitaci\u00f3n y decrecimiento de la actividad tur\u00edstica. El alcalde de Sevilla, Jos\u00e9 Luis &hellip;<\/p>\n","protected":false},"author":408,"featured_media":24590,"comment_status":"closed","ping_status":"open","sticky":false,"template":"","format":"standard","meta":[],"categories":[73],"tags":[],"_links":{"self":[{"href":"https:\/\/www.comunicatur.info\/es\/wp-json\/wp\/v2\/posts\/25541"}],"collection":[{"href":"https:\/\/www.comunicatur.info\/es\/wp-json\/wp\/v2\/posts"}],"about":[{"href":"https:\/\/www.comunicatur.info\/es\/wp-json\/wp\/v2\/types\/post"}],"author":[{"embeddable":true,"href":"https:\/\/www.comunicatur.info\/es\/wp-json\/wp\/v2\/users\/408"}],"replies":[{"embeddable":true,"href":"https:\/\/www.comunicatur.info\/es\/wp-json\/wp\/v2\/comments?post=25541"}],"version-history":[{"count":2,"href":"https:\/\/www.comunicatur.info\/es\/wp-json\/wp\/v2\/posts\/25541\/revisions"}],"predecessor-version":[{"id":25543,"href":"https:\/\/www.comunicatur.info\/es\/wp-json\/wp\/v2\/posts\/25541\/revisions\/25543"}],"wp:featuredmedia":[{"embeddable":true,"href":"https:\/\/www.comunicatur.info\/es\/wp-json\/wp\/v2\/media\/24590"}],"wp:attachment":[{"href":"https:\/\/www.comunicatur.info\/es\/wp-json\/wp\/v2\/media?parent=25541"}],"wp:term":[{"taxonomy":"category","embeddable":true,"href":"https:\/\/www.comunicatur.info\/es\/wp-json\/wp\/v2\/categories?post=25541"},{"taxonomy":"post_tag","embeddable":true,"href":"https:\/\/www.comunicatur.info\/es\/wp-json\/wp\/v2\/tags?post=25541"}],"curies":[{"name":"wp","href":"https:\/\/api.w.org\/{rel}","templated":true}]}}