{"id":25496,"date":"2024-07-31T00:00:45","date_gmt":"2024-07-30T22:00:45","guid":{"rendered":"https:\/\/www.comunicatur.info\/?p=25496"},"modified":"2024-07-23T21:56:30","modified_gmt":"2024-07-23T19:56:30","slug":"espana-espera-el-mayor-gasto-de-la-historia-del-turista-internacional","status":"publish","type":"post","link":"https:\/\/www.comunicatur.info\/es\/espana-espera-el-mayor-gasto-de-la-historia-del-turista-internacional\/","title":{"rendered":"Espa\u00f1a espera el mayor gasto de la historia del turista internacional"},"content":{"rendered":"<p>Los turistas extranjeros podr\u00edan dejar un gasto superior a los <strong>59.000 millones de euros<\/strong> en los meses de verano. La cifra que ha adelantado el ministro de Industria y Turismo, Jordi Hereu, significa <strong>un 22% m\u00e1s que el pasado a\u00f1o<\/strong>.<\/p>\n<p>As\u00ed los meses de junio, julio, agosto y septiembre conseguir\u00edan un dato hist\u00f3rico. Este volumen de gasto lo aportar\u00edan los <strong>41 millones de turistas internacionales<\/strong> que se prev\u00e9n que lleguen a Espa\u00f1a durante la temporada de verano. Superar los cuarenta millones supondr\u00e1 <strong>incrementar un 13% el n\u00famero de turistas<\/strong> respecto al mismo per\u00edodo de 2023.<\/p>\n<p>Hereu ha destacado que el aumento de gasto est\u00e1 por encima del incremento de visitantes y es la l\u00ednea del modelo tur\u00edstico que defiende. Junto al anuncio de las previsiones el ministro ha querido explicar que el turismo es <strong><em>\u201cgenerador de empleo de calidad\u201d<\/em><\/strong> y un objetivo es que <strong><em>\u201cestos miles de millones de euros se distribuyan equilibradamente por toda la geograf\u00eda espa\u00f1ola a lo largo de a\u00f1o en beneficio de todo el pa\u00eds\u00bb.<\/em><\/strong><\/p>\n","protected":false},"excerpt":{"rendered":"<p>Los turistas extranjeros podr\u00edan dejar un gasto superior a los 59.000 millones de euros en los meses de verano. La cifra que ha adelantado el ministro de Industria y Turismo, Jordi Hereu, significa un 22% m\u00e1s que el pasado a\u00f1o. As\u00ed los meses de junio, julio, agosto y septiembre conseguir\u00edan un dato hist\u00f3rico. Este volumen &hellip;<\/p>\n","protected":false},"author":408,"featured_media":25493,"comment_status":"closed","ping_status":"open","sticky":false,"template":"","format":"standard","meta":[],"categories":[64],"tags":[],"_links":{"self":[{"href":"https:\/\/www.comunicatur.info\/es\/wp-json\/wp\/v2\/posts\/25496"}],"collection":[{"href":"https:\/\/www.comunicatur.info\/es\/wp-json\/wp\/v2\/posts"}],"about":[{"href":"https:\/\/www.comunicatur.info\/es\/wp-json\/wp\/v2\/types\/post"}],"author":[{"embeddable":true,"href":"https:\/\/www.comunicatur.info\/es\/wp-json\/wp\/v2\/users\/408"}],"replies":[{"embeddable":true,"href":"https:\/\/www.comunicatur.info\/es\/wp-json\/wp\/v2\/comments?post=25496"}],"version-history":[{"count":2,"href":"https:\/\/www.comunicatur.info\/es\/wp-json\/wp\/v2\/posts\/25496\/revisions"}],"predecessor-version":[{"id":25498,"href":"https:\/\/www.comunicatur.info\/es\/wp-json\/wp\/v2\/posts\/25496\/revisions\/25498"}],"wp:featuredmedia":[{"embeddable":true,"href":"https:\/\/www.comunicatur.info\/es\/wp-json\/wp\/v2\/media\/25493"}],"wp:attachment":[{"href":"https:\/\/www.comunicatur.info\/es\/wp-json\/wp\/v2\/media?parent=25496"}],"wp:term":[{"taxonomy":"category","embeddable":true,"href":"https:\/\/www.comunicatur.info\/es\/wp-json\/wp\/v2\/categories?post=25496"},{"taxonomy":"post_tag","embeddable":true,"href":"https:\/\/www.comunicatur.info\/es\/wp-json\/wp\/v2\/tags?post=25496"}],"curies":[{"name":"wp","href":"https:\/\/api.w.org\/{rel}","templated":true}]}}