{"id":25479,"date":"2024-07-26T00:00:31","date_gmt":"2024-07-25T22:00:31","guid":{"rendered":"https:\/\/www.comunicatur.info\/?p=25479"},"modified":"2024-07-22T19:49:13","modified_gmt":"2024-07-22T17:49:13","slug":"los-cruceros-advierten-que-variaran-itinerarios-si-se-les-estigmatiza","status":"publish","type":"post","link":"https:\/\/www.comunicatur.info\/es\/los-cruceros-advierten-que-variaran-itinerarios-si-se-les-estigmatiza\/","title":{"rendered":"Los cruceros advierten que variar\u00e1n itinerarios si se les estigmatiza"},"content":{"rendered":"<p>Las manifestaciones contra el turismo en diferentes puntos de Europa han situado a la industria crucerista, junto a la de los pisos tur\u00edsticos, como <strong>una de las grandes responsables de los efectos negativos que provoca el exceso de turismo<\/strong>.<\/p>\n<p>La Asociaci\u00f3n Internacional de L\u00edneas de Cruceros &#8211; CLIA ha advertido que las compa\u00f1\u00edas <strong>podr\u00edan modificar sus escalas si en los destinos no se respetan a sus viajeros<\/strong>. Denuncia las incomodidades que han recibido sus pasajeros en algunas ciudades, y recuerdan las im\u00e1genes de una manifestaci\u00f3n en Barcelona donde unos turistas eran rociados con una pistola de agua.<\/p>\n<p>En este sentido, <strong>los miembros de CLIA no dudar\u00e1n en saltarse algunas de los principales puertos europeos para proteger a sus cruceristas<\/strong>. Entre las ciudades que m\u00e1s contestaci\u00f3n est\u00e1 teniendo el sector de los cruceros se incluyen Barcelona, Palma de Mallorca, Venecia, Canarias, la Breta\u00f1a francesa y algunos destinos n\u00f3rdicos.<\/p>\n","protected":false},"excerpt":{"rendered":"<p>Las manifestaciones contra el turismo en diferentes puntos de Europa han situado a la industria crucerista, junto a la de los pisos tur\u00edsticos, como una de las grandes responsables de los efectos negativos que provoca el exceso de turismo. La Asociaci\u00f3n Internacional de L\u00edneas de Cruceros &#8211; CLIA ha advertido que las compa\u00f1\u00edas podr\u00edan modificar &hellip;<\/p>\n","protected":false},"author":408,"featured_media":19282,"comment_status":"closed","ping_status":"open","sticky":false,"template":"","format":"standard","meta":[],"categories":[64],"tags":[],"_links":{"self":[{"href":"https:\/\/www.comunicatur.info\/es\/wp-json\/wp\/v2\/posts\/25479"}],"collection":[{"href":"https:\/\/www.comunicatur.info\/es\/wp-json\/wp\/v2\/posts"}],"about":[{"href":"https:\/\/www.comunicatur.info\/es\/wp-json\/wp\/v2\/types\/post"}],"author":[{"embeddable":true,"href":"https:\/\/www.comunicatur.info\/es\/wp-json\/wp\/v2\/users\/408"}],"replies":[{"embeddable":true,"href":"https:\/\/www.comunicatur.info\/es\/wp-json\/wp\/v2\/comments?post=25479"}],"version-history":[{"count":2,"href":"https:\/\/www.comunicatur.info\/es\/wp-json\/wp\/v2\/posts\/25479\/revisions"}],"predecessor-version":[{"id":25481,"href":"https:\/\/www.comunicatur.info\/es\/wp-json\/wp\/v2\/posts\/25479\/revisions\/25481"}],"wp:featuredmedia":[{"embeddable":true,"href":"https:\/\/www.comunicatur.info\/es\/wp-json\/wp\/v2\/media\/19282"}],"wp:attachment":[{"href":"https:\/\/www.comunicatur.info\/es\/wp-json\/wp\/v2\/media?parent=25479"}],"wp:term":[{"taxonomy":"category","embeddable":true,"href":"https:\/\/www.comunicatur.info\/es\/wp-json\/wp\/v2\/categories?post=25479"},{"taxonomy":"post_tag","embeddable":true,"href":"https:\/\/www.comunicatur.info\/es\/wp-json\/wp\/v2\/tags?post=25479"}],"curies":[{"name":"wp","href":"https:\/\/api.w.org\/{rel}","templated":true}]}}