{"id":25452,"date":"2024-07-22T00:00:36","date_gmt":"2024-07-21T22:00:36","guid":{"rendered":"https:\/\/www.comunicatur.info\/?p=25452"},"modified":"2024-07-21T13:57:10","modified_gmt":"2024-07-21T11:57:10","slug":"prohibido-fumar-en-las-playas-de-lloret-de-mar-bajo-riesgo-de-multa-de-750-euros","status":"publish","type":"post","link":"https:\/\/www.comunicatur.info\/es\/prohibido-fumar-en-las-playas-de-lloret-de-mar-bajo-riesgo-de-multa-de-750-euros\/","title":{"rendered":"Prohibido fumar en las playas de Lloret de Mar bajo riesgo de multa de 750 euros"},"content":{"rendered":"<p>Una vez recuperadas las playas de Lloret de Mar de los efectos del temporal Nelson, el municipio establece la prohibici\u00f3n de fumar en todas sus playas. Las sanciones a los infractores pueden alcanzar multas de hasta 750 euros.<\/p>\n<p>Esta medida, dice el ayuntamiento, <strong><em>\u201ctiene como objetivo mejorar la experiencia de los ba\u00f1istas, tanto por las molestias del humo como por la mejora de la calidad e higiene de la arena\u201d<\/em><\/strong>. Y recuerda que las colillas de cigarrillo son uno de sus grandes agentes contaminantes en el Mediterr\u00e1neo. Equipos de informadores, vigilantes de playa y socorristas supervisar\u00e1n el cumplimiento de la normativa y aplicar\u00e1n las oportunas sanciones.<\/p>\n<figure id=\"attachment_25448\" aria-describedby=\"caption-attachment-25448\" style=\"width: 300px\" class=\"wp-caption alignright\"><img class=\"size-medium wp-image-25448\" src=\"https:\/\/www.comunicatur.info\/wp-content\/uploads\/2024\/07\/RDP-Lloret-de-Mar-Novetats-Estiu-2024-1-300x200.jpg\" alt=\"\" width=\"300\" height=\"200\" srcset=\"https:\/\/www.comunicatur.info\/wp-content\/uploads\/2024\/07\/RDP-Lloret-de-Mar-Novetats-Estiu-2024-1-300x200.jpg 300w, https:\/\/www.comunicatur.info\/wp-content\/uploads\/2024\/07\/RDP-Lloret-de-Mar-Novetats-Estiu-2024-1.jpg 581w\" sizes=\"(max-width: 300px) 100vw, 300px\" \/><figcaption id=\"caption-attachment-25448\" class=\"wp-caption-text\">Alcalde de Lloret, Adri\u00e0 Lamelas.<\/figcaption><\/figure>\n<p>La capital tur\u00edstica de la Costa Brava espera <strong>un verano extraordinario con previsiones de ocupaci\u00f3n cercanas al 95% hasta septiembre<\/strong>. Con estos datos, el ayuntamiento se ha puesto a trabajar por una gesti\u00f3n sostenible de los visitantes. Adem\u00e1s de la prohibici\u00f3n de fumar en las playas, ha actualizado la ordenanza de Civismo y Convivencia Ciudadana para reforzar el civismo nocturno en las zonas de ocio. Entre otras actuaciones <strong>controlar\u00e1n las despedidas de soltero<\/strong>.<\/p>\n<p>En cuanto a los da\u00f1os del temporal en el litoral catal\u00e1n, que pusieron en riesgo la temporada de ba\u00f1o en Lloret, el municipio ha necesitado de unos trabajos de acondicionamiento para la playa principal que han costado 300.000 euros. Por su parte, la playa de Fenals, que sufri\u00f3 desperfectos muy graves incluyendo su paseo mar\u00edtimo, estar\u00e1 lista a principios de agosto. En este caso, la inversi\u00f3n de reparaci\u00f3n es muy superior, llegando a los 2 millones de euros.<\/p>\n","protected":false},"excerpt":{"rendered":"<p>Una vez recuperadas las playas de Lloret de Mar de los efectos del temporal Nelson, el municipio establece la prohibici\u00f3n de fumar en todas sus playas. Las sanciones a los infractores pueden alcanzar multas de hasta 750 euros. Esta medida, dice el ayuntamiento, \u201ctiene como objetivo mejorar la experiencia de los ba\u00f1istas, tanto por las &hellip;<\/p>\n","protected":false},"author":408,"featured_media":25446,"comment_status":"closed","ping_status":"open","sticky":false,"template":"","format":"standard","meta":[],"categories":[62],"tags":[],"_links":{"self":[{"href":"https:\/\/www.comunicatur.info\/es\/wp-json\/wp\/v2\/posts\/25452"}],"collection":[{"href":"https:\/\/www.comunicatur.info\/es\/wp-json\/wp\/v2\/posts"}],"about":[{"href":"https:\/\/www.comunicatur.info\/es\/wp-json\/wp\/v2\/types\/post"}],"author":[{"embeddable":true,"href":"https:\/\/www.comunicatur.info\/es\/wp-json\/wp\/v2\/users\/408"}],"replies":[{"embeddable":true,"href":"https:\/\/www.comunicatur.info\/es\/wp-json\/wp\/v2\/comments?post=25452"}],"version-history":[{"count":2,"href":"https:\/\/www.comunicatur.info\/es\/wp-json\/wp\/v2\/posts\/25452\/revisions"}],"predecessor-version":[{"id":25454,"href":"https:\/\/www.comunicatur.info\/es\/wp-json\/wp\/v2\/posts\/25452\/revisions\/25454"}],"wp:featuredmedia":[{"embeddable":true,"href":"https:\/\/www.comunicatur.info\/es\/wp-json\/wp\/v2\/media\/25446"}],"wp:attachment":[{"href":"https:\/\/www.comunicatur.info\/es\/wp-json\/wp\/v2\/media?parent=25452"}],"wp:term":[{"taxonomy":"category","embeddable":true,"href":"https:\/\/www.comunicatur.info\/es\/wp-json\/wp\/v2\/categories?post=25452"},{"taxonomy":"post_tag","embeddable":true,"href":"https:\/\/www.comunicatur.info\/es\/wp-json\/wp\/v2\/tags?post=25452"}],"curies":[{"name":"wp","href":"https:\/\/api.w.org\/{rel}","templated":true}]}}