{"id":25442,"date":"2024-07-19T00:00:39","date_gmt":"2024-07-18T22:00:39","guid":{"rendered":"https:\/\/www.comunicatur.info\/?p=25442"},"modified":"2024-07-18T19:00:21","modified_gmt":"2024-07-18T17:00:21","slug":"maxima-preocupacion-de-las-agencias-de-viajes","status":"publish","type":"post","link":"https:\/\/www.comunicatur.info\/es\/maxima-preocupacion-de-las-agencias-de-viajes\/","title":{"rendered":"M\u00e1xima preocupaci\u00f3n de las agencias de viajes"},"content":{"rendered":"<p>El 1 de octubre entra en vigor el Real Decreto 933\/2021 que obliga a las agencias de viajes a cumplimentar el registro con informaci\u00f3n de los viajeros tal y como solicita el Ministerio del Interior. El Gobierno no ampliar\u00e1 la moratoria pasada esta fecha.<\/p>\n<p>El sector est\u00e1 preocupado porque el Gobierno no ha aclarado el alcance real de la normativa y advierte que<strong> muchas agencias no podr\u00e1n cumplirla y quedar\u00e1n expuestas a sanciones<\/strong>. Las principales asociaciones de agencias de viajes del pa\u00eds denuncian que a partir del 1 de octubre el sector entrar\u00e1 en un escenario de inseguridad jur\u00eddica porque no podr\u00e1 <strong>facilitar todos los datos de las reservas de alojamiento y de alquiler de veh\u00edculos<\/strong>.<\/p>\n<p>Objetivamente los requerimientos del Ministerio del Interior, seg\u00fan las agencias, son imposibles de asumir en el plazo estipulado y por ello <strong>solicitan al Gobierno que reconsidere la decisi\u00f3n<\/strong>. De forma conjunta, la Federaci\u00f3n de Asociaciones Territoriales de Agencias de Viajes Espa\u00f1olas (Fetave), la Asociaci\u00f3n Corporativa de Agencias de Viajes Especializadas (Acave) y la Uni\u00f3n Nacional de Agencias de Viajes (UNAV), han declarado que <strong><em>\u201cel sector se enfrenta a un desastre sin precedentes\u201d<\/em> <\/strong>y reprochan que la situaci\u00f3n se podr\u00eda haber evitado si hubieran escuchado al sector.<\/p>\n<p><strong>Real Decreto confuso<\/strong><\/p>\n<p>Las tres asociaciones critican que la normativa da unas instrucciones confusas que deben aplicar mayoritariamente empresas muy peque\u00f1as, pymes o micropymes, que no cuentan con personal administrativo suficiente para gestionar la exigencia de informaci\u00f3n. Adem\u00e1s, una parte importante de la informaci\u00f3n no est\u00e1 al alcance de las agencias sino de los proveedores de servicios directos.<\/p>\n","protected":false},"excerpt":{"rendered":"<p>El 1 de octubre entra en vigor el Real Decreto 933\/2021 que obliga a las agencias de viajes a cumplimentar el registro con informaci\u00f3n de los viajeros tal y como solicita el Ministerio del Interior. El Gobierno no ampliar\u00e1 la moratoria pasada esta fecha. El sector est\u00e1 preocupado porque el Gobierno no ha aclarado el &hellip;<\/p>\n","protected":false},"author":408,"featured_media":25440,"comment_status":"closed","ping_status":"open","sticky":false,"template":"","format":"standard","meta":[],"categories":[66],"tags":[],"_links":{"self":[{"href":"https:\/\/www.comunicatur.info\/es\/wp-json\/wp\/v2\/posts\/25442"}],"collection":[{"href":"https:\/\/www.comunicatur.info\/es\/wp-json\/wp\/v2\/posts"}],"about":[{"href":"https:\/\/www.comunicatur.info\/es\/wp-json\/wp\/v2\/types\/post"}],"author":[{"embeddable":true,"href":"https:\/\/www.comunicatur.info\/es\/wp-json\/wp\/v2\/users\/408"}],"replies":[{"embeddable":true,"href":"https:\/\/www.comunicatur.info\/es\/wp-json\/wp\/v2\/comments?post=25442"}],"version-history":[{"count":1,"href":"https:\/\/www.comunicatur.info\/es\/wp-json\/wp\/v2\/posts\/25442\/revisions"}],"predecessor-version":[{"id":25443,"href":"https:\/\/www.comunicatur.info\/es\/wp-json\/wp\/v2\/posts\/25442\/revisions\/25443"}],"wp:featuredmedia":[{"embeddable":true,"href":"https:\/\/www.comunicatur.info\/es\/wp-json\/wp\/v2\/media\/25440"}],"wp:attachment":[{"href":"https:\/\/www.comunicatur.info\/es\/wp-json\/wp\/v2\/media?parent=25442"}],"wp:term":[{"taxonomy":"category","embeddable":true,"href":"https:\/\/www.comunicatur.info\/es\/wp-json\/wp\/v2\/categories?post=25442"},{"taxonomy":"post_tag","embeddable":true,"href":"https:\/\/www.comunicatur.info\/es\/wp-json\/wp\/v2\/tags?post=25442"}],"curies":[{"name":"wp","href":"https:\/\/api.w.org\/{rel}","templated":true}]}}