{"id":25428,"date":"2024-07-16T00:00:51","date_gmt":"2024-07-15T22:00:51","guid":{"rendered":"https:\/\/www.comunicatur.info\/?p=25428"},"modified":"2024-07-15T18:33:19","modified_gmt":"2024-07-15T16:33:19","slug":"santa-susanna-acogera-el-encuentro-de-gestores-de-la-red-dti-de-toda-espana-el-2025","status":"publish","type":"post","link":"https:\/\/www.comunicatur.info\/es\/santa-susanna-acogera-el-encuentro-de-gestores-de-la-red-dti-de-toda-espana-el-2025\/","title":{"rendered":"Santa Susanna acoger\u00e1 el encuentro de Gestores de la Red DTI de toda Espa\u00f1a el 2025"},"content":{"rendered":"<p>La Diputaci\u00f3n de Barcelona, SEGITTUR y el Ayuntamiento de Santa Susanna (El Maresme) ser\u00e1n los organizadores del VII Encuentro de Gestores de la Red de <a href=\"https:\/\/www.destinosinteligentes.es\/\" target=\"_blank\" rel=\"noopener\"><strong>Destinos Tur\u00edsticos Inteligentes (DTI)<\/strong><\/a>, que se celebrar\u00e1 durante el primer semestre de 2025. De este modo, la localidad del Maresme se a\u00f1ade a los municipios de Alcal\u00e1 de Henares, Aranjuez, Palencia, El Ejido, Gij\u00f3n y Tenerife, que son los que acogieron la cumbre en ediciones anteriores.<\/p>\n<p>El encuentro sirve para que los gestores de los destinos que forman parte de la Red analicen la evoluci\u00f3n del sector y compartan experiencias y sinergias entre destinos.<\/p>\n<h4>La Diputaci\u00f3n de Barcelona es la promotora de la Red DTI en la provincia<\/h4>\n<p>El programa Destino Tur\u00edstico Inteligente es un proyecto promovido por la Secretar\u00eda de Estado de Turismo y est\u00e1 gestionado por la Sociedad Mercantil Estatal para la Gesti\u00f3n de la Innovaci\u00f3n y las Tecnolog\u00edas Tur\u00edsticas (SEGITTUR). El objetivo es mejorar la competitividad de los destinos tur\u00edsticos y la calidad de vida de sus residentes incidiendo en cinco \u00e1mbitos de actuaci\u00f3n: <strong>gobernanza, innovaci\u00f3n, tecnolog\u00eda, sostenibilidad y accesibilidad.<\/strong> Son reconocidos con el distintivo de Destino Tur\u00edstico Inteligente aquellos destinos que obtienen un grado de cumplimiento de los requisitos previstos en la metodolog\u00eda DTI, igual o superior al 80%. A nivel estatal, han conseguido este objetivo Barcelona, Bilbao, Benidorm, Donostia\/San Sebasti\u00e1n, Gij\u00f3n, Lloret de Mar, M\u00e1laga y Santander.<\/p>\n<p>Tambi\u00e9n hay otros destinos y estamentos adheridos, por lo cual actualmente, la Red DTI est\u00e1 formada por 619 miembros: 440 destinos, 86 instituciones, 86 empresas y 7 observadores internacionales.<\/p>\n<p>La Diputaci\u00f3n de Barcelona es la promotora de la Red DTI en la provincia de Barcelona y no es casual que se escogiera Santa Susanna para este encuentro, puesto que la villa se incorpor\u00f3 al proyecto DTI en 2019. Pod\u00e9is ver las iniciativas destacadas que se llevaron a cabo <a href=\"https:\/\/www.destinosinteligentes.es\/destinos\/santa-susanna\/\" target=\"_blank\" rel=\"noopener\"><strong>AQU\u00cd.<\/strong><\/a><\/p>\n<p>Adem\u00e1s, en la \u00faltima edici\u00f3n de Fitur, Santa Susanna se convirti\u00f3 en el primer destino de sol y playa de Espa\u00f1a en certificar la huella de carbono del sector tur\u00edstico local.<\/p>\n<p style=\"text-align: right;\"><em>En colaboraci\u00f3n con la Diputaci\u00f3n de Barcelona<\/em><\/p>\n","protected":false},"excerpt":{"rendered":"<p>La Diputaci\u00f3n de Barcelona, SEGITTUR y el Ayuntamiento de Santa Susanna (El Maresme) ser\u00e1n los organizadores del VII Encuentro de Gestores de la Red de Destinos Tur\u00edsticos Inteligentes (DTI), que se celebrar\u00e1 durante el primer semestre de 2025. De este modo, la localidad del Maresme se a\u00f1ade a los municipios de Alcal\u00e1 de Henares, Aranjuez, &hellip;<\/p>\n","protected":false},"author":408,"featured_media":25425,"comment_status":"closed","ping_status":"open","sticky":false,"template":"","format":"standard","meta":[],"categories":[63],"tags":[],"_links":{"self":[{"href":"https:\/\/www.comunicatur.info\/es\/wp-json\/wp\/v2\/posts\/25428"}],"collection":[{"href":"https:\/\/www.comunicatur.info\/es\/wp-json\/wp\/v2\/posts"}],"about":[{"href":"https:\/\/www.comunicatur.info\/es\/wp-json\/wp\/v2\/types\/post"}],"author":[{"embeddable":true,"href":"https:\/\/www.comunicatur.info\/es\/wp-json\/wp\/v2\/users\/408"}],"replies":[{"embeddable":true,"href":"https:\/\/www.comunicatur.info\/es\/wp-json\/wp\/v2\/comments?post=25428"}],"version-history":[{"count":1,"href":"https:\/\/www.comunicatur.info\/es\/wp-json\/wp\/v2\/posts\/25428\/revisions"}],"predecessor-version":[{"id":25429,"href":"https:\/\/www.comunicatur.info\/es\/wp-json\/wp\/v2\/posts\/25428\/revisions\/25429"}],"wp:featuredmedia":[{"embeddable":true,"href":"https:\/\/www.comunicatur.info\/es\/wp-json\/wp\/v2\/media\/25425"}],"wp:attachment":[{"href":"https:\/\/www.comunicatur.info\/es\/wp-json\/wp\/v2\/media?parent=25428"}],"wp:term":[{"taxonomy":"category","embeddable":true,"href":"https:\/\/www.comunicatur.info\/es\/wp-json\/wp\/v2\/categories?post=25428"},{"taxonomy":"post_tag","embeddable":true,"href":"https:\/\/www.comunicatur.info\/es\/wp-json\/wp\/v2\/tags?post=25428"}],"curies":[{"name":"wp","href":"https:\/\/api.w.org\/{rel}","templated":true}]}}