{"id":25401,"date":"2024-07-10T00:00:02","date_gmt":"2024-07-09T22:00:02","guid":{"rendered":"https:\/\/www.comunicatur.info\/?p=25401"},"modified":"2024-07-09T18:56:41","modified_gmt":"2024-07-09T16:56:41","slug":"el-precio-de-los-hoteles-sube-en-verano","status":"publish","type":"post","link":"https:\/\/www.comunicatur.info\/es\/el-precio-de-los-hoteles-sube-en-verano\/","title":{"rendered":"El precio de los hoteles sube en verano"},"content":{"rendered":"<p>El incremento de precios es generalizado para todas las categor\u00edas hoteleras y en pr\u00e1cticamente todos los destinos de Espa\u00f1a. <strong>El precio medio por una noche de hotel est\u00e1 en 195 euros este verano<\/strong>, un 9,1% m\u00e1s que el pasado a\u00f1o.<\/p>\n<p>La subida no afectar\u00e1 a la afluencia de clientes, de hecho, el efecto del aumento de la demanda ha sido justamente el que ha comportado un aumento de las tarifas. <strong>En los establecimientos de lujo el precio sube a\u00fan m\u00e1s el porcentaje, hasta el 15%<\/strong>.<\/p>\n<p>Es en Baleares donde se marca la tarifa m\u00e1s elevada de toda Espa\u00f1a con <strong>276 euros por noche<\/strong>, seguida de <strong>Barcelona con 220 euros y M\u00e1laga 190 euros<\/strong>. El precio de la capital catalana contrasta con el de capitales como Madrid o Sevilla donde el hotel cuesta 120 euros y 99 euros respectivamente.<\/p>\n<p>Los datos los ha facilitado Simon-Kucher en su informe de precios hoteleros que analiza m\u00e1s de 2.000 establecimientos de los principales destinos tur\u00edsticos espa\u00f1oles.<\/p>\n","protected":false},"excerpt":{"rendered":"<p>El incremento de precios es generalizado para todas las categor\u00edas hoteleras y en pr\u00e1cticamente todos los destinos de Espa\u00f1a. El precio medio por una noche de hotel est\u00e1 en 195 euros este verano, un 9,1% m\u00e1s que el pasado a\u00f1o. La subida no afectar\u00e1 a la afluencia de clientes, de hecho, el efecto del aumento &hellip;<\/p>\n","protected":false},"author":408,"featured_media":25398,"comment_status":"closed","ping_status":"open","sticky":false,"template":"","format":"standard","meta":[],"categories":[59],"tags":[],"_links":{"self":[{"href":"https:\/\/www.comunicatur.info\/es\/wp-json\/wp\/v2\/posts\/25401"}],"collection":[{"href":"https:\/\/www.comunicatur.info\/es\/wp-json\/wp\/v2\/posts"}],"about":[{"href":"https:\/\/www.comunicatur.info\/es\/wp-json\/wp\/v2\/types\/post"}],"author":[{"embeddable":true,"href":"https:\/\/www.comunicatur.info\/es\/wp-json\/wp\/v2\/users\/408"}],"replies":[{"embeddable":true,"href":"https:\/\/www.comunicatur.info\/es\/wp-json\/wp\/v2\/comments?post=25401"}],"version-history":[{"count":2,"href":"https:\/\/www.comunicatur.info\/es\/wp-json\/wp\/v2\/posts\/25401\/revisions"}],"predecessor-version":[{"id":25403,"href":"https:\/\/www.comunicatur.info\/es\/wp-json\/wp\/v2\/posts\/25401\/revisions\/25403"}],"wp:featuredmedia":[{"embeddable":true,"href":"https:\/\/www.comunicatur.info\/es\/wp-json\/wp\/v2\/media\/25398"}],"wp:attachment":[{"href":"https:\/\/www.comunicatur.info\/es\/wp-json\/wp\/v2\/media?parent=25401"}],"wp:term":[{"taxonomy":"category","embeddable":true,"href":"https:\/\/www.comunicatur.info\/es\/wp-json\/wp\/v2\/categories?post=25401"},{"taxonomy":"post_tag","embeddable":true,"href":"https:\/\/www.comunicatur.info\/es\/wp-json\/wp\/v2\/tags?post=25401"}],"curies":[{"name":"wp","href":"https:\/\/api.w.org\/{rel}","templated":true}]}}