{"id":2538,"date":"2010-08-16T09:25:05","date_gmt":"2010-08-16T09:25:05","guid":{"rendered":"https:\/\/comunicatur.info\/aena-i-lusca-segellen-lacord-que-garanteix-la-pau-laboral-2\/"},"modified":"2010-08-16T09:25:05","modified_gmt":"2010-08-16T09:25:05","slug":"aena-i-lusca-segellen-lacord-que-garanteix-la-pau-laboral-2","status":"publish","type":"post","link":"https:\/\/www.comunicatur.info\/es\/aena-i-lusca-segellen-lacord-que-garanteix-la-pau-laboral-2\/","title":{"rendered":"AENA y USCA sellan un acuerdo que garantiza \u00abla paz laboral\u00bb"},"content":{"rendered":"\n<p>Los presidentes de AENA y de USCA, Juan Ignacio Lema y Camilo Cela, respectivamente, han sellado un \u00abacuerdo global\u00bb que debe sentar las \u00abbases\u00bb para la firma del segundo convenio colectivo que regula el sector de los controladores a\u00e9reos, con el que se garantiza \u00abla paz laboral y la prestaci\u00f3n del servicio\u00bb. <\/p>\n<p>Tras escenificar el acuerdo con un apret\u00f3n de manos en una rueda de prensa conjunta, Lema dej\u00f3 claro que el acuerdo, que calific\u00f3 de \u00absatisfactorio para ambas partes\u00bb, \u00abgarantiza la prestaci\u00f3n del servicio y la paz laboral\u00bb, de forma que los ciudadanos podr\u00e1n estar tranquilos, ya que sus vacaciones \u00abno se ver\u00e1n alteradas\u00bb. <\/p>\n<p>La posibilidad de una huelga tambi\u00e9n ha sido descartada por los controladores. \u00abLa huelga que se desconvoc\u00f3 en agosto tampoco se va a convocar en septiembre\u00bb, afirm\u00f3 Cela, ya que el acuerdo firmado hoy \u00absirve para evitar este escenario\u00bb. <\/p>\n<p>Tanto el presidente de AENA como el de USCA &#8211;sindicato que aglutina al 95% de los controladores de la entidad p\u00fablica&#8211; se han felicitado por abrir un \u00abperiodo de normalidad operacional y de entendimiento mutuo\u00bb que esperan que pueda facilitar la firma definitiva del convenio colectivo \u00abantes de que finalice el a\u00f1o\u00bb. <\/p>\n<p>Tras recordar que el salario \u00abnunca ha sido un caballo de batalla\u00bb para los controladores, Cela ha dado su visto bueno a una jornada laboral de 1.670 horas anuales con 200.000 euros de sueldo de medio, estableciendo cuatro categor\u00edas de centros de trabajo (1.200 horas, 1.300 horas, 1.400 horas y 1.500 horas).<\/p>\n<p>A esas 1.670 horas se podr\u00edan sumar de \u00abcar\u00e1cter voluntario\u00bb 80 horas extras al a\u00f1o como m\u00e1ximo. En el caso de que sea necesario realizar m\u00e1s horas, los l\u00edmites quedar\u00e1n garantizados por el procedimiento acordado entre ambas partes.\/Ag EP<\/p>\n","protected":false},"excerpt":{"rendered":"\n<p>Los presidentes de AENA y de USCA, Juan Ignacio Lema y Camilo Cela, respectivamente, han sellado un \u00abacuerdo global\u00bb que debe sentar las \u00abbases\u00bb para la firma del segundo convenio colectivo que regula el sector de los controladores a\u00e9reos, con el que se garantiza \u00abla paz laboral y la prestaci\u00f3n del servicio\u00bb. <\/p>\n","protected":false},"author":1,"featured_media":0,"comment_status":"close","ping_status":"open","sticky":false,"template":"","format":"standard","meta":[],"categories":[68],"tags":[],"_links":{"self":[{"href":"https:\/\/www.comunicatur.info\/es\/wp-json\/wp\/v2\/posts\/2538"}],"collection":[{"href":"https:\/\/www.comunicatur.info\/es\/wp-json\/wp\/v2\/posts"}],"about":[{"href":"https:\/\/www.comunicatur.info\/es\/wp-json\/wp\/v2\/types\/post"}],"author":[{"embeddable":true,"href":"https:\/\/www.comunicatur.info\/es\/wp-json\/wp\/v2\/users\/1"}],"replies":[{"embeddable":true,"href":"https:\/\/www.comunicatur.info\/es\/wp-json\/wp\/v2\/comments?post=2538"}],"version-history":[{"count":0,"href":"https:\/\/www.comunicatur.info\/es\/wp-json\/wp\/v2\/posts\/2538\/revisions"}],"wp:attachment":[{"href":"https:\/\/www.comunicatur.info\/es\/wp-json\/wp\/v2\/media?parent=2538"}],"wp:term":[{"taxonomy":"category","embeddable":true,"href":"https:\/\/www.comunicatur.info\/es\/wp-json\/wp\/v2\/categories?post=2538"},{"taxonomy":"post_tag","embeddable":true,"href":"https:\/\/www.comunicatur.info\/es\/wp-json\/wp\/v2\/tags?post=2538"}],"curies":[{"name":"wp","href":"https:\/\/api.w.org\/{rel}","templated":true}]}}