{"id":25344,"date":"2024-07-01T00:00:08","date_gmt":"2024-06-30T22:00:08","guid":{"rendered":"https:\/\/www.comunicatur.info\/?p=25344"},"modified":"2024-06-30T23:44:48","modified_gmt":"2024-06-30T21:44:48","slug":"la-tasa-turistica-de-barcelona-alcanzara-los-750-euros-al-dia","status":"publish","type":"post","link":"https:\/\/www.comunicatur.info\/es\/la-tasa-turistica-de-barcelona-alcanzara-los-750-euros-al-dia\/","title":{"rendered":"La tasa tur\u00edstica de Barcelona alcanzar\u00e1 los 7,50 euros al d\u00eda"},"content":{"rendered":"<p>Buena parte de los partidos que forman el pleno del Ayuntamiento de Barcelona votaron a favor de subir a 4 euros el recargo municipal en el impuesto tur\u00edstico. Este importe es el l\u00edmite m\u00e1ximo que la ley le permite al gobierno municipal sumarle a la tarifa general que impone la Generalidad al conjunto de Catalu\u00f1a. La medida podr\u00eda ser efectiva pasado el verano, una vez modificada la ordenanza fiscal.<\/p>\n<p>El resultado es que seg\u00fan la tipolog\u00eda de establecimiento los turistas tendr\u00e1n que pagar por cada d\u00eda de pernoctaci\u00f3n entre 5 euros -la tarifa m\u00e1s baja- y 7,50 euros para hoteles de 5 estrellas y alojamientos de lujo. Los cruceristas pagar\u00e1n 7 euros, si la escalera es de menos de 12 horas o 6 euros si lo supera.<\/p>\n<h4>20 millones de euros extras cada a\u00f1o<\/h4>\n<p>El ayuntamiento de Barcelona ha ido subiendo paulatinamente la horquilla que le permite el recargo hasta llegar al m\u00e1ximo. Barcelona ingresa por la tasa tur\u00edstica unos 95 millones de euros. Con esta nueva tarifa calculan unos ingresos extras de 20 millones que llevar\u00e1n la recaudaci\u00f3n a 115 millones anuales.<\/p>\n<p>El dinero lo dedica el ayuntamiento a multitud de gastos vinculados a la limpieza, la seguridad, el transporte, el espacio p\u00fablico e incluso ha llegado a destinarlo a la climatizaci\u00f3n de escuelas. Tambi\u00e9n<a href=\"https:\/\/www.comunicatur.info\/es\/barcelona-estamos-al-limite-de-turistas\/\" target=\"_blank\" rel=\"noopener\"> lo destinar\u00e1 a financiar el plan contra la saturaci\u00f3n tur\u00edstica de 16 zonas de Barcelona,<\/a> un plan que present\u00f3 recientemente el ayuntamiento.<\/p>\n<p>El sector tur\u00edstico de la ciudad lo ve con otros ojos y recuerda que con impuestos como IVA, IBI, sociedades o actividades econ\u00f3micas pagan m\u00e1s de 400 millones de euros.<\/p>\n<blockquote class=\"wp-embedded-content\" data-secret=\"t3K1sgCM1I\"><p><a href=\"https:\/\/www.comunicatur.info\/es\/barcelona-estamos-al-limite-de-turistas\/\">Barcelona: &#8220;Estamos al l\u00edmite de turistas&#8221;<\/a><\/p><\/blockquote>\n<p><iframe class=\"wp-embedded-content\" sandbox=\"allow-scripts\" security=\"restricted\" style=\"position: absolute; clip: rect(1px, 1px, 1px, 1px);\" title=\"&#8220;Barcelona: &#8220;Estamos al l\u00edmite de turistas&#8221;&#8221; &#8212; Comunicatur\" src=\"https:\/\/www.comunicatur.info\/es\/barcelona-estamos-al-limite-de-turistas\/embed\/#?secret=5GyLcTOvuV#?secret=t3K1sgCM1I\" data-secret=\"t3K1sgCM1I\" width=\"500\" height=\"282\" frameborder=\"0\" marginwidth=\"0\" marginheight=\"0\" scrolling=\"no\"><\/iframe><\/p>\n","protected":false},"excerpt":{"rendered":"<p>Buena parte de los partidos que forman el pleno del Ayuntamiento de Barcelona votaron a favor de subir a 4 euros el recargo municipal en el impuesto tur\u00edstico. Este importe es el l\u00edmite m\u00e1ximo que la ley le permite al gobierno municipal sumarle a la tarifa general que impone la Generalidad al conjunto de Catalu\u00f1a. &hellip;<\/p>\n","protected":false},"author":408,"featured_media":18952,"comment_status":"closed","ping_status":"open","sticky":false,"template":"","format":"standard","meta":[],"categories":[62],"tags":[],"_links":{"self":[{"href":"https:\/\/www.comunicatur.info\/es\/wp-json\/wp\/v2\/posts\/25344"}],"collection":[{"href":"https:\/\/www.comunicatur.info\/es\/wp-json\/wp\/v2\/posts"}],"about":[{"href":"https:\/\/www.comunicatur.info\/es\/wp-json\/wp\/v2\/types\/post"}],"author":[{"embeddable":true,"href":"https:\/\/www.comunicatur.info\/es\/wp-json\/wp\/v2\/users\/408"}],"replies":[{"embeddable":true,"href":"https:\/\/www.comunicatur.info\/es\/wp-json\/wp\/v2\/comments?post=25344"}],"version-history":[{"count":4,"href":"https:\/\/www.comunicatur.info\/es\/wp-json\/wp\/v2\/posts\/25344\/revisions"}],"predecessor-version":[{"id":25348,"href":"https:\/\/www.comunicatur.info\/es\/wp-json\/wp\/v2\/posts\/25344\/revisions\/25348"}],"wp:featuredmedia":[{"embeddable":true,"href":"https:\/\/www.comunicatur.info\/es\/wp-json\/wp\/v2\/media\/18952"}],"wp:attachment":[{"href":"https:\/\/www.comunicatur.info\/es\/wp-json\/wp\/v2\/media?parent=25344"}],"wp:term":[{"taxonomy":"category","embeddable":true,"href":"https:\/\/www.comunicatur.info\/es\/wp-json\/wp\/v2\/categories?post=25344"},{"taxonomy":"post_tag","embeddable":true,"href":"https:\/\/www.comunicatur.info\/es\/wp-json\/wp\/v2\/tags?post=25344"}],"curies":[{"name":"wp","href":"https:\/\/api.w.org\/{rel}","templated":true}]}}