{"id":2534,"date":"2010-08-15T00:00:00","date_gmt":"2010-08-15T00:00:00","guid":{"rendered":"https:\/\/comunicatur.info\/el-sector-turistic-respira-per-la-suspensio-de-la-vaga-de-controladors-2\/"},"modified":"2010-08-15T00:00:00","modified_gmt":"2010-08-15T00:00:00","slug":"el-sector-turistic-respira-per-la-suspensio-de-la-vaga-de-controladors-2","status":"publish","type":"post","link":"https:\/\/www.comunicatur.info\/es\/el-sector-turistic-respira-per-la-suspensio-de-la-vaga-de-controladors-2\/","title":{"rendered":"El sector respira al suspenderse la huelga de controladores"},"content":{"rendered":"<p>Los presidentes de AENA y de USCA, Juan Ignacio Lema y Camilo Cela, respectivamente, han sellado un \u00abacuerdo global\u00bb que debe sentar las \u00abbases\u00bb para la firma del segundo convenio colectivo que regula el sector de los controladores a\u00e9reos, con el que se garantiza \u00abla paz laboral y la prestaci\u00f3n del servicio\u00bb.<\/p>\n<p><img class=\"\" height=\"78\" alt=\"\" width=\"158\" src=\"https:\/\/www.comunicatur.info\/cms\/images\/stories\/fotos\/avio.jpg\" \/><\/p>\n<p><\/p>\n<p>Tras escenificar el acuerdo con un apret\u00f3n de manos en una rueda de prensa conjunta, Lema dej\u00f3 claro que el acuerdo, que calific\u00f3 de \u00absatisfactorio para ambas partes\u00bb, \u00abgarantiza la prestaci\u00f3n del servicio y la paz laboral\u00bb, de forma que los ciudadanos podr\u00e1n estar tranquilos, ya que sus vacaciones \u00abno se ver\u00e1n alteradas\u00bb. <\/p>\n<p>La posibilidad de una huelga tambi\u00e9n ha sido descartada por los controladores. \u00abLa huelga que se desconvoc\u00f3 en agosto tampoco se va a convocar en septiembre\u00bb, afirm\u00f3 Cela, ya que el acuerdo firmado hoy \u00absirve para evitar este escenario\u00bb. <\/p>\n<p>Tanto el presidente de AENA como el de USCA &#8211;sindicato que aglutina al 95% de los controladores de la entidad p\u00fablica&#8211; se han felicitado por abrir un \u00abperiodo de normalidad operacional y de entendimiento mutuo\u00bb que esperan que pueda facilitar la firma definitiva del convenio colectivo \u00abantes de que finalice el a\u00f1o\u00bb.<\/p>\n<p><strong>El sector tur&iacute;stico, m&aacute;s tranquilo<\/strong><\/p>\n<p>El sector tur&iacute;stico hab&iacute;a advertido de que una huelga en pleno agosto arrojar&iacute;a unas p&eacute;rdidas diarias cercanas a los 40 millones de euros, afectando a 690.000 pasajeros al d&iacute;a.<\/p>\n<p>Los hoteleros califican de &quot;magn&iacute;fica&quot; la decisi&oacute;n de los controladores de no ir a la huelga en agosto y agradecen la &quot;sensibilidad&quot; demostrada por este colectivo al &quot;entender&quot; las necesidades del sector. &quot;Es una magn&iacute;fica noticia que se acabe con la incertidumbre que pesaba en torno a la decisi&oacute;n de los controladores&quot;, manifest&oacute; el secretario general de la confederaci&oacute;n Espa&ntilde;ola de Hoteles y alojamientos Tur&iacute;sticos (Cehat), Ram&oacute;n Estalella.<\/p>\n<p>Estalella indic&oacute; que todos aquellos turistas que esperan &quot;al &uacute;ltimo momento&quot; para decidir sobre sus vacaciones pueden, tras conocer la noticia, efectuar sus reservas, ya que actualmente &eacute;stas se realizan con menos de diez d&iacute;as de antelaci&oacute;n.<\/p>\n<p>En un comunicado conjunto, la Asociaci&oacute;n Espa&ntilde;ola de Compa&ntilde;&iacute;as A&eacute;reas (Aeca), la Asociaci&oacute;n de Compa&ntilde;&iacute;as de la Aviaci&oacute;n Civil de Espa&ntilde;a (Aca) y la Asociaci&oacute;n de L&iacute;neas A&eacute;reas (Ala) han valorado &quot;positivamente&quot; la decisi&oacute;n de USCA de no convocar una huelga en agosto y conf&iacute;an que de esta manera &quot;se ponga fin a la incertidumbre&quot;.<\/p>\n<p>Asimismo, esperan que finalice &quot;un largo periodo de reiterados incidentes, que se han traducido en importantes retrasos en los vuelos, que ha ocasionado serios perjuicios a los pasajeros y causado ya graves da&ntilde;os a las compa&ntilde;&iacute;as a&eacute;reas, al turismo y a la econom&iacute;a en su conjunto&quot;.<\/p>\n<p>El presidente de Aeca, Felipe Nav&iacute;o, opina que el sector &quot;necesita tranquilidad para acabar la temporada de verano como estaba previsto&quot;, aunque indic&oacute; que muchos pasajeros ya se han visto afectados de &quot;una u otra manera&quot; por la posible huelga.<\/p>\n<p>El sector a&eacute;reo, con una participaci&oacute;n estimada del 7% en el PIB nacional, genera cerca de 900.000 empleos en Espa&ntilde;a. S&oacute;lo las compa&ntilde;&iacute;as a&eacute;reas espa&ntilde;olas mueven al a&ntilde;o un volumen de negocio cercano a los 11.200 millones de euros.<\/p>\n<p><strong>Fomento dispuesto a atender algunas demandas de los controladores<\/strong><\/p>\n<p>El ministro de Fomento, Jos&eacute; Blanco, est&aacute; dispuesto a garantizar mejoras en las condiciones de trabajo de los controladores, a establecer criterios que refuercen la seguridad a&eacute;rea y a atender a algunas de las reivindicaciones de los controladores, pero apunt&oacute; que las retribuciones y las horas de trabajo est&aacute;n vinculadas.<\/p>\n<p>&quot;A menos horas de trabajo, menos retribuciones y a m&aacute;s horas, m&aacute;s retribuciones, es algo l&oacute;gico y razonable&quot;, esgrimi&oacute;, para recordar que el sistema de control en Espa&ntilde;a presentaba una diferencia &quot;notable&quot; con respecto a otros pa&iacute;ses europeos en cuanto a &quot;productividad, salarios y horas de trabajo&quot;.<\/p>\n<p>El titular de Fomento indic&oacute; que la implantaci&oacute;n del &#8216;cielo &uacute;nico europeo&#8217;, prevista para 2012, condicionar&aacute; el sistema de control del tr&aacute;nsito a&eacute;reo en toda Europa y supondr&aacute; la existencia de modelos y sistemas unificados, para lo que Espa&ntilde;a debe estar preparada.<\/p>\n<p>Para ello, &quot;hay que bajar los costes de navegaci&oacute;n a&eacute;rea, reducir las tasas en un 15%, que son las m&aacute;s caras de la UE, y hacer un sector m&aacute;s competitivo al servicio del desarrollo econ&oacute;mico y del turismo, uno de nuestros principales motores&quot;.<\/p>\n<p>Finalmente, el titular de Fomento consider&oacute; que, pese a lo que haya podido suponer la amenaza de la huelga para el sector, las huelgas de celo encubiertas y las bajas masivas entre el colectivo, el crecimiento del tr&aacute;fico a&eacute;reo en un 3% en julio es &quot;positivo&quot; y probablemente siga creciendo en agosto.\/Ag EP<\/p>\n","protected":false},"excerpt":{"rendered":"<p>Los presidentes de AENA y de USCA, Juan Ignacio Lema y Camilo Cela, respectivamente, han sellado un \u00abacuerdo global\u00bb que debe sentar las \u00abbases\u00bb para la firma del segundo convenio colectivo que regula el sector de los controladores a\u00e9reos, con el que se garantiza \u00abla paz laboral y la prestaci\u00f3n del servicio\u00bb.<\/p>\n<p><img class=\"\" height=\"78\" alt=\"\" width=\"158\" src=\"https:\/\/www.comunicatur.info\/cms\/images\/stories\/fotos\/avio.jpg\" \/><\/p>\n","protected":false},"author":1,"featured_media":0,"comment_status":"close","ping_status":"open","sticky":false,"template":"","format":"standard","meta":[],"categories":[23],"tags":[],"_links":{"self":[{"href":"https:\/\/www.comunicatur.info\/es\/wp-json\/wp\/v2\/posts\/2534"}],"collection":[{"href":"https:\/\/www.comunicatur.info\/es\/wp-json\/wp\/v2\/posts"}],"about":[{"href":"https:\/\/www.comunicatur.info\/es\/wp-json\/wp\/v2\/types\/post"}],"author":[{"embeddable":true,"href":"https:\/\/www.comunicatur.info\/es\/wp-json\/wp\/v2\/users\/1"}],"replies":[{"embeddable":true,"href":"https:\/\/www.comunicatur.info\/es\/wp-json\/wp\/v2\/comments?post=2534"}],"version-history":[{"count":0,"href":"https:\/\/www.comunicatur.info\/es\/wp-json\/wp\/v2\/posts\/2534\/revisions"}],"wp:attachment":[{"href":"https:\/\/www.comunicatur.info\/es\/wp-json\/wp\/v2\/media?parent=2534"}],"wp:term":[{"taxonomy":"category","embeddable":true,"href":"https:\/\/www.comunicatur.info\/es\/wp-json\/wp\/v2\/categories?post=2534"},{"taxonomy":"post_tag","embeddable":true,"href":"https:\/\/www.comunicatur.info\/es\/wp-json\/wp\/v2\/tags?post=2534"}],"curies":[{"name":"wp","href":"https:\/\/api.w.org\/{rel}","templated":true}]}}