{"id":25309,"date":"2024-06-28T00:00:09","date_gmt":"2024-06-27T22:00:09","guid":{"rendered":"https:\/\/www.comunicatur.info\/?p=25309"},"modified":"2024-06-25T16:57:50","modified_gmt":"2024-06-25T14:57:50","slug":"crece-la-asiduidad-del-turismo-rural-en-las-comarcas-de-barcelona","status":"publish","type":"post","link":"https:\/\/www.comunicatur.info\/es\/crece-la-asiduidad-del-turismo-rural-en-las-comarcas-de-barcelona\/","title":{"rendered":"Crece la asiduidad del turismo rural en las comarcas de Barcelona"},"content":{"rendered":"<p>El turismo rural sigue acaparando el inter\u00e9s de los viajeros. Hacer una escapada para pasar fines de semana y puentes es la opci\u00f3n preferida de los viajeros de las comarcas de Barcelona. La duraci\u00f3n media de las escapadas rurales es de 2,6 noches y se gasta menos que la media barcelonesa en alojamiento, pero m\u00e1s en el destino.<\/p>\n<figure id=\"attachment_25306\" aria-describedby=\"caption-attachment-25306\" style=\"width: 300px\" class=\"wp-caption alignright\"><img class=\"wp-image-25306 size-medium\" src=\"https:\/\/www.comunicatur.info\/wp-content\/uploads\/2024\/06\/cercle-turisme-300x225.jpeg\" alt=\"\" width=\"300\" height=\"225\" srcset=\"https:\/\/www.comunicatur.info\/wp-content\/uploads\/2024\/06\/cercle-turisme-300x225.jpeg 300w, https:\/\/www.comunicatur.info\/wp-content\/uploads\/2024\/06\/cercle-turisme-1024x768.jpeg 1024w, https:\/\/www.comunicatur.info\/wp-content\/uploads\/2024\/06\/cercle-turisme-768x576.jpeg 768w, https:\/\/www.comunicatur.info\/wp-content\/uploads\/2024\/06\/cercle-turisme-600x450.jpeg 600w, https:\/\/www.comunicatur.info\/wp-content\/uploads\/2024\/06\/cercle-turisme-1536x1152.jpeg 1536w, https:\/\/www.comunicatur.info\/wp-content\/uploads\/2024\/06\/cercle-turisme-2048x1536.jpeg 2048w\" sizes=\"(max-width: 300px) 100vw, 300px\" \/><figcaption id=\"caption-attachment-25306\" class=\"wp-caption-text\">Imagen de la jornada del C\u00edrculo de Turismo donde se present\u00f3 el estudio. Foto: Diputaci\u00f3n de Barcelona<\/figcaption><\/figure>\n<p>Son los principales datos presentados por el <a href=\"https:\/\/www.escapadarural.com\/blog\/otr\/\" target=\"_blank\" rel=\"noopener\"><strong>Observatorio del Turismo Rural<\/strong><\/a>, una entidad fundada por Escapada Rural, CETT-UB Barcelona School of Tourism, Hospitality and Gastronomy y Netquest.<\/p>\n<p>El estudio, que se present\u00f3 en la primera Jornada de Turismo rural organizada por el <a href=\"https:\/\/www.diba.cat\/es\/web\/dturisme\/circulo-de-turismo\" target=\"_blank\" rel=\"noopener\"><strong>C\u00edrculo de Turismo de la Diputaci\u00f3n de Barcelona<\/strong><\/a>, hace una radiograf\u00eda de los viajeros que escogen el turismo rural y recoge los siguientes datos:<\/p>\n<ul>\n<li>El 55% de los viajeros de las comarcas de Barcelona que optaron por el turismo rural en 2023, hicieron tres o m\u00e1s salidas de este tipo. (5 puntos por encima de la media del 2022).<br \/>\nEl 91% de estos prev\u00e9n hacer alguna escapada durante el 2024; el 63% prev\u00e9 hacer dos o tres escapadas rurales; y el 27% tiene previsto hacer m\u00e1s de tres.<\/li>\n<li>La duraci\u00f3n media de estas escapadas es de 2,6 noches.<\/li>\n<li>El gasto de los viajeros que practican turismo rural en Barcelona fue de 84 euros por persona y d\u00eda en 2023 (un 2,4% m\u00e1s que el a\u00f1o anterior):<br \/>\n&#8211; 30 euros es el gasto medio que invierten en alojamiento y restaurantes;<br \/>\n&#8211; 54 euros es el gasto en destino.<\/li>\n<li>Un 16,5% de los viajeros de todo el Estado que tienen pensado hacer turismo rural quieren visitar Catalu\u00f1a en alguna de sus escapadas. Y de estos, un 27% querr\u00eda visitar las comarcas de Barcelona.<\/li>\n<li>Procedencia de los viajeros de turismo rural que quieren visitar la provincia de Barcelona: Catalu\u00f1a (67%); Comunidad de Madrid (10%); Comunidad Valenciana (6%).<\/li>\n<li>Motivaci\u00f3n de los que visitan la demarcaci\u00f3n: conocer pueblos y tradiciones (28%); el hecho que el turismo rural permite estar con un grupo numerosos (20%); la desconexi\u00f3n de la rutina diaria (14%).<\/li>\n<li>Destinos rurales de los viajeros barceloneses: Girona; Huesca; Asturias; Lleida; la misma Barcelona.<\/li>\n<\/ul>\n<p style=\"text-align: right;\"><em>En colaboraci\u00f3n con la Diputaci\u00f3n de Barcelona<\/em><\/p>\n","protected":false},"excerpt":{"rendered":"<p>El turismo rural sigue acaparando el inter\u00e9s de los viajeros. Hacer una escapada para pasar fines de semana y puentes es la opci\u00f3n preferida de los viajeros de las comarcas de Barcelona. La duraci\u00f3n media de las escapadas rurales es de 2,6 noches y se gasta menos que la media barcelonesa en alojamiento, pero m\u00e1s &hellip;<\/p>\n","protected":false},"author":408,"featured_media":25304,"comment_status":"closed","ping_status":"open","sticky":false,"template":"","format":"standard","meta":[],"categories":[74],"tags":[],"_links":{"self":[{"href":"https:\/\/www.comunicatur.info\/es\/wp-json\/wp\/v2\/posts\/25309"}],"collection":[{"href":"https:\/\/www.comunicatur.info\/es\/wp-json\/wp\/v2\/posts"}],"about":[{"href":"https:\/\/www.comunicatur.info\/es\/wp-json\/wp\/v2\/types\/post"}],"author":[{"embeddable":true,"href":"https:\/\/www.comunicatur.info\/es\/wp-json\/wp\/v2\/users\/408"}],"replies":[{"embeddable":true,"href":"https:\/\/www.comunicatur.info\/es\/wp-json\/wp\/v2\/comments?post=25309"}],"version-history":[{"count":3,"href":"https:\/\/www.comunicatur.info\/es\/wp-json\/wp\/v2\/posts\/25309\/revisions"}],"predecessor-version":[{"id":25312,"href":"https:\/\/www.comunicatur.info\/es\/wp-json\/wp\/v2\/posts\/25309\/revisions\/25312"}],"wp:featuredmedia":[{"embeddable":true,"href":"https:\/\/www.comunicatur.info\/es\/wp-json\/wp\/v2\/media\/25304"}],"wp:attachment":[{"href":"https:\/\/www.comunicatur.info\/es\/wp-json\/wp\/v2\/media?parent=25309"}],"wp:term":[{"taxonomy":"category","embeddable":true,"href":"https:\/\/www.comunicatur.info\/es\/wp-json\/wp\/v2\/categories?post=25309"},{"taxonomy":"post_tag","embeddable":true,"href":"https:\/\/www.comunicatur.info\/es\/wp-json\/wp\/v2\/tags?post=25309"}],"curies":[{"name":"wp","href":"https:\/\/api.w.org\/{rel}","templated":true}]}}