{"id":25298,"date":"2024-06-24T14:00:48","date_gmt":"2024-06-24T12:00:48","guid":{"rendered":"https:\/\/www.comunicatur.info\/?p=25298"},"modified":"2024-06-24T14:08:21","modified_gmt":"2024-06-24T12:08:21","slug":"barcelona-quiere-cerrar-todos-los-pisos-turisticos-en-2028-legales-e-ilegales","status":"publish","type":"post","link":"https:\/\/www.comunicatur.info\/es\/barcelona-quiere-cerrar-todos-los-pisos-turisticos-en-2028-legales-e-ilegales\/","title":{"rendered":"Barcelona quiere cerrar todos los pisos tur\u00edsticos en 2028, legales e ilegales"},"content":{"rendered":"<p>El alcalde de Barcelona, Jaume Collboni, ha anunciado su intenci\u00f3n de eliminar toda la oferta de viviendas tur\u00edsticas que existe en la ciudad en el periodo de cuatro a\u00f1os. <strong><em>\u201cEl gobierno municipal ha decidido ir a fondo para que los 10.000 pisos tur\u00edsticos se conviertan en pisos residenciales en noviembre de 2028\u201d<\/em><\/strong>, <strong>ha sentenciado Collboni.<\/strong><\/p>\n<p>El consistorio se acoge a la potestad que ofrece la nueva normativa de alquileres de la Generalitat de Catalu\u00f1a que permite extinguir las licencias activas en este periodo. El ayuntamiento tiene un margen de poco m\u00e1s de cuatro a\u00f1os para regular el futuro de las Viviendas de Uso Tur\u00edstico (VUT), y en este caso <strong>optar\u00eda por no renovar ninguno de los 10.000 pisos tur\u00edsticos que actualmente act\u00faan con licencia<\/strong>.<\/p>\n<p>La intenci\u00f3n del alcalde es <strong><em>\u201cque en Barcelona cese completamente la actividad de uso tur\u00edstico en pisos residenciales\u201d<\/em><\/strong>. De esta forma intenta trasladar esos 10.000 pisos al arrendamiento convencional ante el aumento de precios y las limitaciones de oferta que existe en el mercado del alquiler de vivienda residencial.<\/p>\n<h4><strong>Las f\u00f3rmulas creativas que ponen en peligro el objetivo de Barcelona<\/strong><\/h4>\n<p>Est\u00e1 por ver en el caso de Barcelona si esta f\u00f3rmula de eliminar todo tipo de oferta tur\u00edstica de particulares acaba de funcionar, o por el contrario, sucede c\u00f3mo <strong>en otros lugares donde el resultado es un aumento espectacular de la oferta ilegal<\/strong>. Los grandes destinos tur\u00edsticos van a seguir siendo atractivos y con alta demanda. Surgir\u00e1n formas <strong>\u201cno comerciales\u201d<\/strong> de contacto entre propietarios y visitantes que se escapar\u00e1n del control de la administraci\u00f3n. Ya existen <strong>alternativas colaborativas de intercambio de vivienda<\/strong> en las que en muchos casos no hay ni reciprocidad \u2013no debe coincidir ni producirse la estancia de unos y otros en las viviendas de sus respectivos visitantes-.<\/p>\n<p>Como publicamos hace un mes<strong><a href=\"https:\/\/www.comunicatur.info\/es\/los-gestores-de-pisos-turisticos-reclamaran-indemnizaciones\/\" target=\"_blank\" rel=\"noopener\"> Los gestores de pisos tur\u00edsticos reclamar\u00e1n indemnizaciones<\/a>. <\/strong>La Federaci\u00f3n Catalana de Apartamentos Tur\u00edsticos (Federatur) anunci\u00f3 que se defender\u00edan de quienes buscan eliminar su actividad. Mientras, la patronal de apartamentos tur\u00edsticos de Barcelona, Apartur, tacha de demag\u00f3gica la medida porque calculan que <strong>el n\u00famero de pisos tur\u00edsticos no llega ni al 1% del total de viviendas de la ciudad.<\/strong><\/p>\n<p>Por ahora, el Ayuntamiento de Barcelona mantiene <a href=\"https:\/\/meet.barcelona.cat\/habitatgesturistics\/es\" target=\"_blank\" rel=\"noopener\">activo un buscador de pisos tur\u00edsticos legales.<\/a> Anima a los turistas a que comprueben antes de alquilar un alojamiento que este sea legal.<\/p>\n","protected":false},"excerpt":{"rendered":"<p>El alcalde de Barcelona, Jaume Collboni, ha anunciado su intenci\u00f3n de eliminar toda la oferta de viviendas tur\u00edsticas que existe en la ciudad en el periodo de cuatro a\u00f1os. \u201cEl gobierno municipal ha decidido ir a fondo para que los 10.000 pisos tur\u00edsticos se conviertan en pisos residenciales en noviembre de 2028\u201d, ha sentenciado Collboni. &hellip;<\/p>\n","protected":false},"author":408,"featured_media":25295,"comment_status":"closed","ping_status":"open","sticky":false,"template":"","format":"standard","meta":[],"categories":[59],"tags":[],"_links":{"self":[{"href":"https:\/\/www.comunicatur.info\/es\/wp-json\/wp\/v2\/posts\/25298"}],"collection":[{"href":"https:\/\/www.comunicatur.info\/es\/wp-json\/wp\/v2\/posts"}],"about":[{"href":"https:\/\/www.comunicatur.info\/es\/wp-json\/wp\/v2\/types\/post"}],"author":[{"embeddable":true,"href":"https:\/\/www.comunicatur.info\/es\/wp-json\/wp\/v2\/users\/408"}],"replies":[{"embeddable":true,"href":"https:\/\/www.comunicatur.info\/es\/wp-json\/wp\/v2\/comments?post=25298"}],"version-history":[{"count":3,"href":"https:\/\/www.comunicatur.info\/es\/wp-json\/wp\/v2\/posts\/25298\/revisions"}],"predecessor-version":[{"id":25301,"href":"https:\/\/www.comunicatur.info\/es\/wp-json\/wp\/v2\/posts\/25298\/revisions\/25301"}],"wp:featuredmedia":[{"embeddable":true,"href":"https:\/\/www.comunicatur.info\/es\/wp-json\/wp\/v2\/media\/25295"}],"wp:attachment":[{"href":"https:\/\/www.comunicatur.info\/es\/wp-json\/wp\/v2\/media?parent=25298"}],"wp:term":[{"taxonomy":"category","embeddable":true,"href":"https:\/\/www.comunicatur.info\/es\/wp-json\/wp\/v2\/categories?post=25298"},{"taxonomy":"post_tag","embeddable":true,"href":"https:\/\/www.comunicatur.info\/es\/wp-json\/wp\/v2\/tags?post=25298"}],"curies":[{"name":"wp","href":"https:\/\/api.w.org\/{rel}","templated":true}]}}