{"id":25227,"date":"2024-06-11T00:00:20","date_gmt":"2024-06-10T22:00:20","guid":{"rendered":"https:\/\/www.comunicatur.info\/?p=25227"},"modified":"2025-03-14T18:26:27","modified_gmt":"2025-03-14T16:26:27","slug":"el-sabado-sale-el-tren-de-los-exploradores-para-descubrir-el-baix-llobregat","status":"publish","type":"post","link":"https:\/\/www.comunicatur.info\/es\/el-sabado-sale-el-tren-de-los-exploradores-para-descubrir-el-baix-llobregat\/","title":{"rendered":"El s\u00e1bado sale \u201cEl tren de los exploradores\u201d para descubrir el Baix Llobregat"},"content":{"rendered":"<p>Fruto de la colaboraci\u00f3n entre <strong>la Diputaci\u00f3n de Barcelona y Renfe<\/strong> se puso en marcha el a\u00f1o pasado la iniciativa <strong>\u201cTrenes Tur\u00edsticos Barcelona es mucho m\u00e1s\u201d.<\/strong> (Pod\u00e9is ver la noticia en Comunicatur <a href=\"https:\/\/www.comunicatur.info\/es\/trenes-turisticos-tematicos-para-ir-a-los-principales-atractivos-de-la-provincia-de-barcelona\/\"><strong>AQU\u00cd.<\/strong><\/a>)<\/p>\n<p>Ahora llega una nueva edici\u00f3n de estos trenes tur\u00edsticos que, con el nombre de \u201cEl tren de los exploradores\u201d, har\u00e1 un recorrido por el Baix Llobregat. En el programa hay una visita guiada y un taller de joyer\u00eda prehist\u00f3rica al <a href=\"https:\/\/www.patrimonigava.cat\/es\/espacios-patrimoniales\/parque-arqueologico-minas-de-gava\" target=\"_blank\" rel=\"noopener\"><strong>Parque Arqueol\u00f3gico Minas de Gav\u00e0<\/strong><\/a><strong>;<\/strong> una visita guiada y taller gastron\u00f3mico en los <strong>Mercados de Gav\u00e0<\/strong>; una visita guiada al eje comercial y al <strong>Museo de Gav\u00e0<\/strong>; un trenecito que llevar\u00e1 hasta el <a href=\"https:\/\/castelldecastelldefels.com\/es\/\" target=\"_blank\" rel=\"noopener\"><strong>Castillo de Castelldefels<\/strong><\/a>; una visita a<strong> Piratia<\/strong>, experiencia interactiva e inmersiva que permite adentrarse en el mundo de la pirater\u00eda apelando a los sentidos, y una representaci\u00f3n teatral final vinculada al mundo y la vida de los piratas.<\/p>\n<p>El tren saldr\u00e1 el pr\u00f3ximo s\u00e1bado, 15 de junio, de la Estaci\u00f3 de Fran\u00e7a de Barcelona a las 9:15 horas y la vuelta, a la misma estaci\u00f3n, se prev\u00e9 hacia las 19:30 horas.<\/p>\n<p>El precio de los billetes, que se pueden comprar en la <a href=\"https:\/\/www.renfe.com\/es\/es\/cercanias\/rodalies-catalunya\/ofertas-mas-populares\/tren-exploradores-baix-llobregat\" target=\"_blank\" rel=\"noopener\"><strong>web de Renfe<\/strong><\/a>, es de 30 euros para los adultos; 5 euros para los ni\u00f1os de 4 a 13 a\u00f1os y es gratuito para beb\u00e9s entre 0 y 3 a\u00f1os.<\/p>\n<p><strong><a href=\"https:\/\/www.barcelonaesmoltmes.cat\/es\/trenesturisticos\" target=\"_blank\" rel=\"noopener\">M\u00e1s informaci\u00f3n: web tur\u00edstico de la Diputaci\u00f3n de Barcelona.<\/a><\/strong><\/p>\n<p style=\"text-align: right;\"><em>En colaboraci\u00f3n con la Diputaci\u00f3n de Barcelona<\/em><\/p>\n<blockquote class=\"wp-embedded-content\" data-secret=\"UgpSUV3Hhr\"><p><a href=\"https:\/\/www.comunicatur.info\/es\/trenes-turisticos-tematicos-para-ir-a-los-principales-atractivos-de-la-provincia-de-barcelona\/\">Trenes tur\u00edsticos tem\u00e1ticos para ir a los principales atractivos de la provincia de Barcelona<\/a><\/p><\/blockquote>\n<p><iframe class=\"wp-embedded-content\" sandbox=\"allow-scripts\" security=\"restricted\" style=\"position: absolute; clip: rect(1px, 1px, 1px, 1px);\" title=\"&#8220;Trenes tur\u00edsticos tem\u00e1ticos para ir a los principales atractivos de la provincia de Barcelona&#8221; &#8212; Comunicatur\" src=\"https:\/\/www.comunicatur.info\/es\/trenes-turisticos-tematicos-para-ir-a-los-principales-atractivos-de-la-provincia-de-barcelona\/embed\/#?secret=dsBGBNNfMK#?secret=UgpSUV3Hhr\" data-secret=\"UgpSUV3Hhr\" width=\"500\" height=\"282\" frameborder=\"0\" marginwidth=\"0\" marginheight=\"0\" scrolling=\"no\"><\/iframe><\/p>\n","protected":false},"excerpt":{"rendered":"<p>Fruto de la colaboraci\u00f3n entre la Diputaci\u00f3n de Barcelona y Renfe se puso en marcha el a\u00f1o pasado la iniciativa \u201cTrenes Tur\u00edsticos Barcelona es mucho m\u00e1s\u201d. (Pod\u00e9is ver la noticia en Comunicatur AQU\u00cd.) Ahora llega una nueva edici\u00f3n de estos trenes tur\u00edsticos que, con el nombre de \u201cEl tren de los exploradores\u201d, har\u00e1 un recorrido &hellip;<\/p>\n","protected":false},"author":408,"featured_media":25222,"comment_status":"closed","ping_status":"open","sticky":false,"template":"","format":"standard","meta":[],"categories":[62,73],"tags":[],"_links":{"self":[{"href":"https:\/\/www.comunicatur.info\/es\/wp-json\/wp\/v2\/posts\/25227"}],"collection":[{"href":"https:\/\/www.comunicatur.info\/es\/wp-json\/wp\/v2\/posts"}],"about":[{"href":"https:\/\/www.comunicatur.info\/es\/wp-json\/wp\/v2\/types\/post"}],"author":[{"embeddable":true,"href":"https:\/\/www.comunicatur.info\/es\/wp-json\/wp\/v2\/users\/408"}],"replies":[{"embeddable":true,"href":"https:\/\/www.comunicatur.info\/es\/wp-json\/wp\/v2\/comments?post=25227"}],"version-history":[{"count":3,"href":"https:\/\/www.comunicatur.info\/es\/wp-json\/wp\/v2\/posts\/25227\/revisions"}],"predecessor-version":[{"id":25230,"href":"https:\/\/www.comunicatur.info\/es\/wp-json\/wp\/v2\/posts\/25227\/revisions\/25230"}],"wp:featuredmedia":[{"embeddable":true,"href":"https:\/\/www.comunicatur.info\/es\/wp-json\/wp\/v2\/media\/25222"}],"wp:attachment":[{"href":"https:\/\/www.comunicatur.info\/es\/wp-json\/wp\/v2\/media?parent=25227"}],"wp:term":[{"taxonomy":"category","embeddable":true,"href":"https:\/\/www.comunicatur.info\/es\/wp-json\/wp\/v2\/categories?post=25227"},{"taxonomy":"post_tag","embeddable":true,"href":"https:\/\/www.comunicatur.info\/es\/wp-json\/wp\/v2\/tags?post=25227"}],"curies":[{"name":"wp","href":"https:\/\/api.w.org\/{rel}","templated":true}]}}