{"id":25206,"date":"2024-06-14T00:00:55","date_gmt":"2024-06-13T22:00:55","guid":{"rendered":"https:\/\/www.comunicatur.info\/?p=25206"},"modified":"2024-06-10T12:47:23","modified_gmt":"2024-06-10T10:47:23","slug":"la-comunidad-mediterranea-de-turismo-sostenible-ya-trabaja-los-10-primeros-proyectos","status":"publish","type":"post","link":"https:\/\/www.comunicatur.info\/es\/la-comunidad-mediterranea-de-turismo-sostenible-ya-trabaja-los-10-primeros-proyectos\/","title":{"rendered":"La Comunidad Mediterr\u00e1nea de Turismo Sostenible ya trabaja los 10 primeros proyectos"},"content":{"rendered":"<p>La innovaci\u00f3n en turismo, la econom\u00eda circular, el cambio clim\u00e1tico y la preservaci\u00f3n del medio natural y la biodiversidad son los ejes principales de los primeros proyectos presentados en los cuales ya se est\u00e1 trabajando.<\/p>\n<p>Destaca la colaboraci\u00f3n de diferentes entes locales de la provincia de Barcelona, como la <a href=\"https:\/\/www.xatic.cat\/ca\" target=\"_blank\" rel=\"noopener\">Red de Turismo Industrial de Catalu\u00f1a (XATIC)<\/a>, que participa en el <strong>proyecto SMITour<\/strong> que investiga herramientas de inteligencia tur\u00edstica para el desarrollo del turismo industrial en el Mediterr\u00e1neo; o <a href=\"https:\/\/blogs.terrassa.cat\/internacional\/?s=Interreg\" target=\"_blank\" rel=\"noopener\">el Ayuntamiento de Terrassa y la C\u00e1mara de Comercio de Terrassa<\/a>, que participan en el <strong>proyecto LIBECCIO<\/strong> dedicado a la transformaci\u00f3n digital como herramienta de apoyo para la gesti\u00f3n de los destinos tur\u00edsticos.<\/p>\n<p><img class=\"alignright size-medium wp-image-25199\" src=\"https:\/\/www.comunicatur.info\/wp-content\/uploads\/2024\/06\/Roma-turisme-sostenible-1-300x225.jpeg\" alt=\"\" width=\"300\" height=\"225\" srcset=\"https:\/\/www.comunicatur.info\/wp-content\/uploads\/2024\/06\/Roma-turisme-sostenible-1-300x225.jpeg 300w, https:\/\/www.comunicatur.info\/wp-content\/uploads\/2024\/06\/Roma-turisme-sostenible-1-1024x768.jpeg 1024w, https:\/\/www.comunicatur.info\/wp-content\/uploads\/2024\/06\/Roma-turisme-sostenible-1-768x576.jpeg 768w, https:\/\/www.comunicatur.info\/wp-content\/uploads\/2024\/06\/Roma-turisme-sostenible-1-600x450.jpeg 600w, https:\/\/www.comunicatur.info\/wp-content\/uploads\/2024\/06\/Roma-turisme-sostenible-1-1536x1152.jpeg 1536w, https:\/\/www.comunicatur.info\/wp-content\/uploads\/2024\/06\/Roma-turisme-sostenible-1-2048x1536.jpeg 2048w\" sizes=\"(max-width: 300px) 100vw, 300px\" \/>Tambi\u00e9n avanzan los trabajos para crear la <strong>plataforma Join the Med<\/strong>, como un polo de conocimiento y de capacitaci\u00f3n que recoge recursos de inter\u00e9s para el turismo, y <strong>la creaci\u00f3n de los cuatro cl\u00fasteres tem\u00e1ticos<\/strong> (innovaci\u00f3n, econom\u00eda circular, cambio clim\u00e1tico y protecci\u00f3n de la biodiversidad), que son los cuatro objetivos espec\u00edficos del programa. Estos diez primeros programas representan una inversi\u00f3n de m\u00e1s de 18 millones de euros de los fondos FEDER.<\/p>\n<p>La Comunidad Mediterr\u00e1nea de Turismo Sostenible cuenta con otros socios, entidades y organismos de diferentes pa\u00edses del Mediterr\u00e1neo, como por ejemplo la Universidad de Tesalia (Grecia), la Eurorregi\u00f3n Adri\u00e1tica J\u00f3nica (Croacia), la Conferencia de Regiones Perif\u00e9ricas y Mar\u00edtimas (Francia), la red NECSTouR (B\u00e9lgica), la red de Universidades del Mediterr\u00e1neo (Italia), el Plan Bleu (Francia) y la Universidad de Tirana (Albania).<\/p>\n<p>Tiene una duraci\u00f3n prevista de siete a\u00f1os y un presupuesto de cinco millones de euros, de los cuales la Diputaci\u00f3n de Barcelona gestiona directamente 843.000 euros.<\/p>\n<p>Ten\u00e9is m\u00e1s informaci\u00f3n sobre el programa Interreg Euro-Med <a href=\"https:\/\/sustainable-tourism.interreg-euro-med.eu\/\" target=\"_blank\" rel=\"noopener\"><strong>AQU\u00cd<\/strong><\/a>.<\/p>\n<p style=\"text-align: right;\"><em>En colaboraci\u00f3n con la Diputaci\u00f3n de Barcelona<\/em><\/p>\n","protected":false},"excerpt":{"rendered":"<p>La innovaci\u00f3n en turismo, la econom\u00eda circular, el cambio clim\u00e1tico y la preservaci\u00f3n del medio natural y la biodiversidad son los ejes principales de los primeros proyectos presentados en los cuales ya se est\u00e1 trabajando. Destaca la colaboraci\u00f3n de diferentes entes locales de la provincia de Barcelona, como la Red de Turismo Industrial de Catalu\u00f1a &hellip;<\/p>\n","protected":false},"author":408,"featured_media":25195,"comment_status":"closed","ping_status":"open","sticky":false,"template":"","format":"standard","meta":[],"categories":[68],"tags":[],"_links":{"self":[{"href":"https:\/\/www.comunicatur.info\/es\/wp-json\/wp\/v2\/posts\/25206"}],"collection":[{"href":"https:\/\/www.comunicatur.info\/es\/wp-json\/wp\/v2\/posts"}],"about":[{"href":"https:\/\/www.comunicatur.info\/es\/wp-json\/wp\/v2\/types\/post"}],"author":[{"embeddable":true,"href":"https:\/\/www.comunicatur.info\/es\/wp-json\/wp\/v2\/users\/408"}],"replies":[{"embeddable":true,"href":"https:\/\/www.comunicatur.info\/es\/wp-json\/wp\/v2\/comments?post=25206"}],"version-history":[{"count":1,"href":"https:\/\/www.comunicatur.info\/es\/wp-json\/wp\/v2\/posts\/25206\/revisions"}],"predecessor-version":[{"id":25207,"href":"https:\/\/www.comunicatur.info\/es\/wp-json\/wp\/v2\/posts\/25206\/revisions\/25207"}],"wp:featuredmedia":[{"embeddable":true,"href":"https:\/\/www.comunicatur.info\/es\/wp-json\/wp\/v2\/media\/25195"}],"wp:attachment":[{"href":"https:\/\/www.comunicatur.info\/es\/wp-json\/wp\/v2\/media?parent=25206"}],"wp:term":[{"taxonomy":"category","embeddable":true,"href":"https:\/\/www.comunicatur.info\/es\/wp-json\/wp\/v2\/categories?post=25206"},{"taxonomy":"post_tag","embeddable":true,"href":"https:\/\/www.comunicatur.info\/es\/wp-json\/wp\/v2\/tags?post=25206"}],"curies":[{"name":"wp","href":"https:\/\/api.w.org\/{rel}","templated":true}]}}