{"id":25165,"date":"2024-06-04T00:00:49","date_gmt":"2024-06-03T22:00:49","guid":{"rendered":"https:\/\/www.comunicatur.info\/?p=25165"},"modified":"2025-03-14T18:25:09","modified_gmt":"2025-03-14T16:25:09","slug":"los-turistas-internacionales-se-disparan-en-cataluna","status":"publish","type":"post","link":"https:\/\/www.comunicatur.info\/es\/los-turistas-internacionales-se-disparan-en-cataluna\/","title":{"rendered":"Los turistas internacionales se disparan en Catalu\u00f1a"},"content":{"rendered":"<p>Los \u00faltimos datos del <a href=\"https:\/\/www.ine.es\/dyngs\/Prensa\/FRONTUR0424.htm\" target=\"_blank\" rel=\"noopener\">INE<\/a> muestran una subida importante de las llegadas de turistas extranjeros a Espa\u00f1a durante este a\u00f1o. Todos los destinos est\u00e1n creciendo, especialmente la Comunitat Valencia, Madrid y Catalu\u00f1a.<\/p>\n<p>Espa\u00f1a recibi\u00f3 en abril 7,8 millones de turistas internacionales, un 8,3% m\u00e1s que en el mismo mes de 2023. En los cuatro primeros meses de 2024 el n\u00famero de turistas que visitaron Espa\u00f1a aument\u00f3 un 14,5% y roz\u00f3 los 24 millones.<\/p>\n<p>Catalu\u00f1a ha sido el primer destino principal de los turistas en abril, con el 21,3% del total. Le siguen Andaluc\u00eda (15,4%) y Illes Balears (15,3%). En este mes, a Catalu\u00f1a llegaron un 8,3% m\u00e1s de turistas que en abril de 2023, muy por encima del crecimiento que ha tenido Andaluc\u00eda (4,4%) y Illes Balears (1,2%).<\/p>\n<p><strong>Destino principal del turismo internacional por Comunidades Aut\u00f3nomas<\/strong><br \/>\n<img class=\"aligncenter size-full wp-image-25159\" src=\"https:\/\/www.comunicatur.info\/wp-content\/uploads\/2024\/06\/datos_INE_abril2024.jpg\" alt=\"\" width=\"864\" height=\"314\" srcset=\"https:\/\/www.comunicatur.info\/wp-content\/uploads\/2024\/06\/datos_INE_abril2024.jpg 864w, https:\/\/www.comunicatur.info\/wp-content\/uploads\/2024\/06\/datos_INE_abril2024-300x109.jpg 300w, https:\/\/www.comunicatur.info\/wp-content\/uploads\/2024\/06\/datos_INE_abril2024-768x279.jpg 768w, https:\/\/www.comunicatur.info\/wp-content\/uploads\/2024\/06\/datos_INE_abril2024-600x218.jpg 600w\" sizes=\"(max-width: 864px) 100vw, 864px\" \/><\/p>\n<p>En el acumulado de los cuatro primeros meses de 2024 las comunidades que m\u00e1s turistas recibieron fueron Canarias (5,5 millones y un aumento del 11,4% respecto al mismo per\u00edodo de 2023), Catalu\u00f1a (5,0 millones y un incremento del 16,3%) y Andaluc\u00eda (3,6 millones, un 13,5% m\u00e1s).<\/p>\n<p id=\"titulo\"><a href=\"https:\/\/www.ine.es\/dyngs\/Prensa\/FRONTUR0424.htm\" target=\"_blank\" rel=\"noopener\">Estad\u00edstica de Movimientos Tur\u00edsticos en Fronteras (FRONTUR)<\/a><\/p>\n","protected":false},"excerpt":{"rendered":"<p>Los \u00faltimos datos del INE muestran una subida importante de las llegadas de turistas extranjeros a Espa\u00f1a durante este a\u00f1o. Todos los destinos est\u00e1n creciendo, especialmente la Comunitat Valencia, Madrid y Catalu\u00f1a. Espa\u00f1a recibi\u00f3 en abril 7,8 millones de turistas internacionales, un 8,3% m\u00e1s que en el mismo mes de 2023. En los cuatro primeros &hellip;<\/p>\n","protected":false},"author":408,"featured_media":24902,"comment_status":"closed","ping_status":"open","sticky":false,"template":"","format":"standard","meta":[],"categories":[62,74],"tags":[],"_links":{"self":[{"href":"https:\/\/www.comunicatur.info\/es\/wp-json\/wp\/v2\/posts\/25165"}],"collection":[{"href":"https:\/\/www.comunicatur.info\/es\/wp-json\/wp\/v2\/posts"}],"about":[{"href":"https:\/\/www.comunicatur.info\/es\/wp-json\/wp\/v2\/types\/post"}],"author":[{"embeddable":true,"href":"https:\/\/www.comunicatur.info\/es\/wp-json\/wp\/v2\/users\/408"}],"replies":[{"embeddable":true,"href":"https:\/\/www.comunicatur.info\/es\/wp-json\/wp\/v2\/comments?post=25165"}],"version-history":[{"count":4,"href":"https:\/\/www.comunicatur.info\/es\/wp-json\/wp\/v2\/posts\/25165\/revisions"}],"predecessor-version":[{"id":25168,"href":"https:\/\/www.comunicatur.info\/es\/wp-json\/wp\/v2\/posts\/25165\/revisions\/25168"}],"wp:featuredmedia":[{"embeddable":true,"href":"https:\/\/www.comunicatur.info\/es\/wp-json\/wp\/v2\/media\/24902"}],"wp:attachment":[{"href":"https:\/\/www.comunicatur.info\/es\/wp-json\/wp\/v2\/media?parent=25165"}],"wp:term":[{"taxonomy":"category","embeddable":true,"href":"https:\/\/www.comunicatur.info\/es\/wp-json\/wp\/v2\/categories?post=25165"},{"taxonomy":"post_tag","embeddable":true,"href":"https:\/\/www.comunicatur.info\/es\/wp-json\/wp\/v2\/tags?post=25165"}],"curies":[{"name":"wp","href":"https:\/\/api.w.org\/{rel}","templated":true}]}}