{"id":25114,"date":"2024-05-29T00:00:40","date_gmt":"2024-05-28T22:00:40","guid":{"rendered":"https:\/\/www.comunicatur.info\/?p=25114"},"modified":"2024-05-28T20:51:05","modified_gmt":"2024-05-28T18:51:05","slug":"la-justicia-obliga-a-hacer-contrato-laboral-a-unos-guias-que-trabajaban-como-autonomos","status":"publish","type":"post","link":"https:\/\/www.comunicatur.info\/es\/la-justicia-obliga-a-hacer-contrato-laboral-a-unos-guias-que-trabajaban-como-autonomos\/","title":{"rendered":"La justicia obliga a hacer contrato laboral a unos gu\u00edas que trabajaban como aut\u00f3nomos"},"content":{"rendered":"<p>Una empresa valenciana que trabajaba con gu\u00edas tur\u00edsticos dados de alta como aut\u00f3nomos est\u00e1 obligada, por resoluci\u00f3n judicial, a realizarles un contrato de personal asalariado.<\/p>\n<p>La Inspecci\u00f3n de Trabajo detect\u00f3 que <strong>los gu\u00edas hac\u00edan su trabajo como falsos aut\u00f3nomos<\/strong>. La decisi\u00f3n del juez, que llega tras la denuncia de la Inspecci\u00f3n, ser\u00eda la primera de estas caracter\u00edsticas que se lleva a cabo en Espa\u00f1a para una empresa de gu\u00edas tur\u00edsticos.<\/p>\n<p>Est\u00e1 por ver qu\u00e9 consecuencias tiene esta resoluci\u00f3n sobre la actividad de las empresas que ofrecen servicios de gu\u00eda tur\u00edstico. La mayor\u00eda de los profesionales que desarrollan este trabajo en Espa\u00f1a son aut\u00f3nomos. La empresa tur\u00edstica valenciana ha actuado como lo hace buena parte del sector, y ahora <strong>la decisi\u00f3n judicial pone en entredicho este modo de operar<\/strong>.<\/p>\n<p>Desde el momento en que la empresa marca de forma muy clara el trabajo del gu\u00eda, indicando las visitas a realizar, su duraci\u00f3n, el precio que cobra a los clientes e incluso las paradas en establecimientos concretos, <strong>se puede considerar que el trabajador no lo hace por cuenta propia, sino que est\u00e1 ligado directamente a la empresa<\/strong>. Por tanto, los gu\u00edas ser\u00edan empleados que <strong>actuar\u00edan en fraude de ley como falsos aut\u00f3nomos<\/strong>.<\/p>\n<p>Como ha dicho el tribunal en el caso de Valencia, la empresa no contaba con personal fijo para realizar la actividad y todo el servicio lo realiza con personal externo. <strong>El sector de las agencias de gu\u00edas de turismo<\/strong> se a\u00f1ade al de otras actividades como el de los repartidores de compras online -conocidos como <em>riders-<\/em> que han estado <strong>en el punto de mira de la administraci\u00f3n laboral y de los sindicatos<\/strong>.<\/p>\n","protected":false},"excerpt":{"rendered":"<p>Una empresa valenciana que trabajaba con gu\u00edas tur\u00edsticos dados de alta como aut\u00f3nomos est\u00e1 obligada, por resoluci\u00f3n judicial, a realizarles un contrato de personal asalariado. La Inspecci\u00f3n de Trabajo detect\u00f3 que los gu\u00edas hac\u00edan su trabajo como falsos aut\u00f3nomos. La decisi\u00f3n del juez, que llega tras la denuncia de la Inspecci\u00f3n, ser\u00eda la primera de &hellip;<\/p>\n","protected":false},"author":408,"featured_media":25111,"comment_status":"closed","ping_status":"open","sticky":false,"template":"","format":"standard","meta":[],"categories":[73],"tags":[],"_links":{"self":[{"href":"https:\/\/www.comunicatur.info\/es\/wp-json\/wp\/v2\/posts\/25114"}],"collection":[{"href":"https:\/\/www.comunicatur.info\/es\/wp-json\/wp\/v2\/posts"}],"about":[{"href":"https:\/\/www.comunicatur.info\/es\/wp-json\/wp\/v2\/types\/post"}],"author":[{"embeddable":true,"href":"https:\/\/www.comunicatur.info\/es\/wp-json\/wp\/v2\/users\/408"}],"replies":[{"embeddable":true,"href":"https:\/\/www.comunicatur.info\/es\/wp-json\/wp\/v2\/comments?post=25114"}],"version-history":[{"count":2,"href":"https:\/\/www.comunicatur.info\/es\/wp-json\/wp\/v2\/posts\/25114\/revisions"}],"predecessor-version":[{"id":25116,"href":"https:\/\/www.comunicatur.info\/es\/wp-json\/wp\/v2\/posts\/25114\/revisions\/25116"}],"wp:featuredmedia":[{"embeddable":true,"href":"https:\/\/www.comunicatur.info\/es\/wp-json\/wp\/v2\/media\/25111"}],"wp:attachment":[{"href":"https:\/\/www.comunicatur.info\/es\/wp-json\/wp\/v2\/media?parent=25114"}],"wp:term":[{"taxonomy":"category","embeddable":true,"href":"https:\/\/www.comunicatur.info\/es\/wp-json\/wp\/v2\/categories?post=25114"},{"taxonomy":"post_tag","embeddable":true,"href":"https:\/\/www.comunicatur.info\/es\/wp-json\/wp\/v2\/tags?post=25114"}],"curies":[{"name":"wp","href":"https:\/\/api.w.org\/{rel}","templated":true}]}}