{"id":2508,"date":"2010-07-30T00:00:00","date_gmt":"2010-07-30T00:00:00","guid":{"rendered":"https:\/\/comunicatur.info\/rebuig-unanime-a-leliminacio-de-la-secretaria-destat-de-turisme-2\/"},"modified":"2010-07-30T00:00:00","modified_gmt":"2010-07-30T00:00:00","slug":"rebuig-unanime-a-leliminacio-de-la-secretaria-destat-de-turisme-2","status":"publish","type":"post","link":"https:\/\/www.comunicatur.info\/es\/rebuig-unanime-a-leliminacio-de-la-secretaria-destat-de-turisme-2\/","title":{"rendered":"Rechazo un\u00e1nime a la eliminaci\u00f3n de la Secretar\u00eda de Estado de Turismo"},"content":{"rendered":"<p>Todo el sector tur&iacute;stico, sin excepciones, se ha mostrado contrario a la supresi&oacute;n de la Secretar&iacute;a de Estado de Turismo que ha llevado a cabo el Gobierno. La medida que busca ahorrar recursos en la administraci&oacute;n ya ha sido publicada en el BOE. La remodelaci&oacute;n sit&uacute;a Turismo junto a Comercio Interior, en una secretar&iacute;a general que es de rango inferior.<\/p>\n<p><\/p>\n<p>El sector tur&iacute;stico ha criticado de forma un&aacute;nime esta decisi&oacute;n. Encuentran una falta de consideraci&oacute;n del Gobierno hacia la importancia de la actividad tur&iacute;stica para el pa&iacute;s, justamente en unos momentos dif&iacute;ciles para la econom&iacute;a. La rebaja de rango institucional del Turismo es para algunas fuentes una muestra de poca sensibilidad hacia un sector que genera riqueza y de los pocos preparados para tirar adelante la recuperaci&oacute;n econ&oacute;mica. El Ejecutivo, por boca de la vicepresidenta primera del Gobierno, Mar&iacute;a Teresa Fern&aacute;ndez de Vega, ha asegurado que los cambios no disminuir&aacute;n el compromiso con el sector, en el cual han invertido m&aacute;s de 1.000 millones de euros.<\/p>\n<p>Este reajuste del organigrama del Estado supondr&aacute; un ahorro incierto. El Ministerio no ha querido dar cifras, diferentes fuentes lo cuantifican de manera bien dispar, entre los 200 mil y los 2 millones de euros. Joan Mesquida, hasta ahora Secretario de Estado de Turismo, ya ha cesado del cargo y nombrado secretario general de Turismo y Comercio Interior.<\/p>\n<p><strong>Las cr&iacute;ticas llegan al Senado<\/strong><\/p>\n<p>La senadora de CiU, Montserrat Candini, ha pedido la comparecencia del Ministro de Industria, Turismo y Comercio, Miguel Sebasti&aacute;n, en la Comisi&oacute;n de la C&aacute;mara Alta para que explique c&oacute;mo afectar&aacute; al sector la supresi&oacute;n de la secretar&iacute;a de Estado. Candini le pedir&aacute; &ldquo;informaci&oacute;n sobre todas las medidas que piensa adoptar el Gobierno para que esta eliminaci&oacute;n no quite relevancia ni capacidad operativa ni recursos destinados a apoyar al sector&rdquo;.<\/p>\n<p>La senadora preguntar&aacute; al Gobierno si la eliminaci&oacute;n de la Secretar&iacute;a de Estado &ldquo;responde a una estrategia de p&eacute;rdida de importancia del sector&rdquo; y &ldquo;si el turismo sigue siendo para el Gobierno un sector estrat&eacute;gico&rdquo;. &ldquo;Se trata de la primera industria del pa&iacute;s, con unos ingresos exteriores el a&ntilde;o 2009 que superaron los 38.000 millones de euros y un super&aacute;vit positivo de casi 12.000 millones&rdquo;, ha declarado.<\/p>\n<p>Por &uacute;ltimo, Candini ha calificado la gesti&oacute;n gubernamental en materia tur&iacute;stica: &ldquo;vamos en la direcci&oacute;n err&oacute;nea&rdquo; &ndash;declara la senadora de CiU- &ldquo;el Plan ICO Renove Turismo que ten&iacute;amos el a&ntilde;o pasado era mejor que el Plan ICO Futur e-turismo que tenemos este a&ntilde;o, el aumento del IVA se ha producido en el peor momento para el sector y ahora la desaparici&oacute;n de la secretar&iacute;a de Estado&rdquo;.<\/p>\n","protected":false},"excerpt":{"rendered":"<p>Todo el sector tur&iacute;stico, sin excepciones, se ha mostrado contrario a la supresi&oacute;n de la Secretar&iacute;a de Estado de Turismo que ha llevado a cabo el Gobierno. La medida que busca ahorrar recursos en la administraci&oacute;n ya ha sido publicada en el BOE. La remodelaci&oacute;n sit&uacute;a Turismo junto a Comercio Interior, en una secretar&iacute;a general que es de rango inferior.<\/p>\n","protected":false},"author":1,"featured_media":0,"comment_status":"close","ping_status":"open","sticky":false,"template":"","format":"standard","meta":[],"categories":[18],"tags":[],"_links":{"self":[{"href":"https:\/\/www.comunicatur.info\/es\/wp-json\/wp\/v2\/posts\/2508"}],"collection":[{"href":"https:\/\/www.comunicatur.info\/es\/wp-json\/wp\/v2\/posts"}],"about":[{"href":"https:\/\/www.comunicatur.info\/es\/wp-json\/wp\/v2\/types\/post"}],"author":[{"embeddable":true,"href":"https:\/\/www.comunicatur.info\/es\/wp-json\/wp\/v2\/users\/1"}],"replies":[{"embeddable":true,"href":"https:\/\/www.comunicatur.info\/es\/wp-json\/wp\/v2\/comments?post=2508"}],"version-history":[{"count":0,"href":"https:\/\/www.comunicatur.info\/es\/wp-json\/wp\/v2\/posts\/2508\/revisions"}],"wp:attachment":[{"href":"https:\/\/www.comunicatur.info\/es\/wp-json\/wp\/v2\/media?parent=2508"}],"wp:term":[{"taxonomy":"category","embeddable":true,"href":"https:\/\/www.comunicatur.info\/es\/wp-json\/wp\/v2\/categories?post=2508"},{"taxonomy":"post_tag","embeddable":true,"href":"https:\/\/www.comunicatur.info\/es\/wp-json\/wp\/v2\/tags?post=2508"}],"curies":[{"name":"wp","href":"https:\/\/api.w.org\/{rel}","templated":true}]}}