{"id":25075,"date":"2024-05-21T18:40:46","date_gmt":"2024-05-21T16:40:46","guid":{"rendered":"https:\/\/www.comunicatur.info\/?p=25075"},"modified":"2025-03-14T18:22:30","modified_gmt":"2025-03-14T16:22:30","slug":"el-congreso-apuesta-por-las-camas-elevables-en-establecimientos-turisticos","status":"publish","type":"post","link":"https:\/\/www.comunicatur.info\/es\/el-congreso-apuesta-por-las-camas-elevables-en-establecimientos-turisticos\/","title":{"rendered":"El Congreso apuesta por las camas elevables en establecimientos tur\u00edsticos"},"content":{"rendered":"<p>Los diputados de la Comisi\u00f3n de Turismo del Congreso han aprobado por unanimidad una proposici\u00f3n no de ley que pretende facilitar el trabajo de las camareras de piso. Han votado promover la instalaci\u00f3n de camas elevables en los alojamientos tur\u00edsticos de Espa\u00f1a. Instan a las distintas administraciones auton\u00f3micas que, en el marco de sus competencias, y con el sector hotelero, faciliten la iniciativa.<\/p>\n<p>Las trabajadoras que se encargan de la limpieza de habitaciones se exponen a <strong>riesgos ergon\u00f3micos<\/strong> <strong>durante una prolongada actividad<\/strong>. El sobresfuerzo f\u00edsico de levantar las camas y agacharse para su preparaci\u00f3n se mitigan ostensiblemente con las camas elevables. Con esta proposici\u00f3n del Congreso, el sector hotelero, principalmente, est\u00e1 llamado a incorporarlas para <strong>facilitar a las camareras de piso sus condiciones laborales<\/strong>. La proposici\u00f3n no de ley da una moratoria de cinco a\u00f1os para la conversi\u00f3n de las camas en elevables con sistemas mec\u00e1nicos o electr\u00f3nicos.<\/p>\n<p>Esta medida ya la comenz\u00f3 a implementar el gobierno balear con una ley. Los alojamientos tur\u00edsticos de las Illes Balears tienen un <strong>periodo de adaptaci\u00f3n para ir sustituyendo paulatinamente los equipamientos<\/strong> hasta llegar al 2028 con la totalidad de las camas elevables.<\/p>\n<p>El Congreso tambi\u00e9n ha impulsado el reconocimiento del trabajo de las camareras de piso como <em>\u201cprofesi\u00f3n de alta peligrosidad\u201d<\/em>. Es un primer paso para que el Gobierno incorpore las lesiones musculares que padecen las trabajadoras como <strong>enfermedad laboral<\/strong>.<\/p>\n","protected":false},"excerpt":{"rendered":"<p>Los diputados de la Comisi\u00f3n de Turismo del Congreso han aprobado por unanimidad una proposici\u00f3n no de ley que pretende facilitar el trabajo de las camareras de piso. Han votado promover la instalaci\u00f3n de camas elevables en los alojamientos tur\u00edsticos de Espa\u00f1a. Instan a las distintas administraciones auton\u00f3micas que, en el marco de sus competencias, &hellip;<\/p>\n","protected":false},"author":408,"featured_media":25073,"comment_status":"closed","ping_status":"open","sticky":false,"template":"","format":"standard","meta":[],"categories":[59,152],"tags":[],"_links":{"self":[{"href":"https:\/\/www.comunicatur.info\/es\/wp-json\/wp\/v2\/posts\/25075"}],"collection":[{"href":"https:\/\/www.comunicatur.info\/es\/wp-json\/wp\/v2\/posts"}],"about":[{"href":"https:\/\/www.comunicatur.info\/es\/wp-json\/wp\/v2\/types\/post"}],"author":[{"embeddable":true,"href":"https:\/\/www.comunicatur.info\/es\/wp-json\/wp\/v2\/users\/408"}],"replies":[{"embeddable":true,"href":"https:\/\/www.comunicatur.info\/es\/wp-json\/wp\/v2\/comments?post=25075"}],"version-history":[{"count":1,"href":"https:\/\/www.comunicatur.info\/es\/wp-json\/wp\/v2\/posts\/25075\/revisions"}],"predecessor-version":[{"id":25076,"href":"https:\/\/www.comunicatur.info\/es\/wp-json\/wp\/v2\/posts\/25075\/revisions\/25076"}],"wp:featuredmedia":[{"embeddable":true,"href":"https:\/\/www.comunicatur.info\/es\/wp-json\/wp\/v2\/media\/25073"}],"wp:attachment":[{"href":"https:\/\/www.comunicatur.info\/es\/wp-json\/wp\/v2\/media?parent=25075"}],"wp:term":[{"taxonomy":"category","embeddable":true,"href":"https:\/\/www.comunicatur.info\/es\/wp-json\/wp\/v2\/categories?post=25075"},{"taxonomy":"post_tag","embeddable":true,"href":"https:\/\/www.comunicatur.info\/es\/wp-json\/wp\/v2\/tags?post=25075"}],"curies":[{"name":"wp","href":"https:\/\/api.w.org\/{rel}","templated":true}]}}