{"id":25069,"date":"2024-05-20T00:03:49","date_gmt":"2024-05-19T22:03:49","guid":{"rendered":"https:\/\/www.comunicatur.info\/?p=25069"},"modified":"2025-03-14T18:21:17","modified_gmt":"2025-03-14T16:21:17","slug":"el-impacto-turistico-de-los-juegos-olimpicos-sobre-paris","status":"publish","type":"post","link":"https:\/\/www.comunicatur.info\/es\/el-impacto-turistico-de-los-juegos-olimpicos-sobre-paris\/","title":{"rendered":"El impacto tur\u00edstico de los Juegos Ol\u00edmpicos sobre Par\u00eds"},"content":{"rendered":"<p>La tarifa media diaria (ADR) de una habitaci\u00f3n de hotel en la capital francesa escalar\u00e1 hasta los 575 euros este mes de julio, un 21% m\u00e1s que el pasado a\u00f1o y duplicar\u00e1 la cifra de hace cinco a\u00f1os. Las b\u00fasquedas de los turistas extranjeros para volar a Francia durante el periodo ol\u00edmpico han crecido entre un 8% y un 10% respecto a las del a\u00f1o pasado, principalmente de los residentes en Estados Unidos, Reino Unido y Espa\u00f1a, por este orden.<\/p>\n<p>En estos momentos, la ocupaci\u00f3n de los hoteles franceses para el periodo de celebraci\u00f3n de los Juegos Ol\u00edmpicos (del 26 de julio al 11 de agosto) es de un 50%, seg\u00fan un informe de Amadeus. Este dato dobla la ocupaci\u00f3n que tendr\u00edan en una situaci\u00f3n est\u00e1ndar, por ejemplo, el pasado a\u00f1o para estas fechas la ocupaci\u00f3n marcaba un 25%.<\/p>\n<p>As\u00ed que a poco menos de 3 meses de la celebraci\u00f3n de los Juegos la mitad de la planta hotelera de Par\u00eds ya est\u00e1 comprometida. Una situaci\u00f3n parecida vive Marsella, Lille y Lyon, que son sedes tambi\u00e9n de algunas disciplinas deportivas junto a Par\u00eds. En el caso de Lyon, sede de la competici\u00f3n de f\u00fatbol, y Marsella, de competiciones n\u00e1uticas, las ocupaciones para las semanas de los JJOO ya superan el 52%.<\/p>\n<p>Las semanas previas y posteriores a los Juegos tambi\u00e9n est\u00e1n incrementando la tasa de ocupaci\u00f3n respecto a la media de a\u00f1os anteriores. Francia ha despertado este verano el inter\u00e9s tur\u00edstico internacional gracias a uno de los eventos m\u00e1s relevantes del planeta. Las previsiones son de plena ocupaci\u00f3n en los alojamientos tur\u00edsticos de la capital francesa.<\/p>\n<p>Los mercados m\u00e1s interesados en viajar a Francia para estas fechas son Estados Unidos, Canad\u00e1 y Brasil del continente americano, Jap\u00f3n y Corea del Sur del continente asi\u00e1tico y Espa\u00f1a, Italia, Alemania y Grecia del continente europeo.<\/p>\n","protected":false},"excerpt":{"rendered":"<p>La tarifa media diaria (ADR) de una habitaci\u00f3n de hotel en la capital francesa escalar\u00e1 hasta los 575 euros este mes de julio, un 21% m\u00e1s que el pasado a\u00f1o y duplicar\u00e1 la cifra de hace cinco a\u00f1os. Las b\u00fasquedas de los turistas extranjeros para volar a Francia durante el periodo ol\u00edmpico han crecido entre &hellip;<\/p>\n","protected":false},"author":408,"featured_media":25066,"comment_status":"closed","ping_status":"open","sticky":false,"template":"","format":"standard","meta":[],"categories":[64,73],"tags":[],"_links":{"self":[{"href":"https:\/\/www.comunicatur.info\/es\/wp-json\/wp\/v2\/posts\/25069"}],"collection":[{"href":"https:\/\/www.comunicatur.info\/es\/wp-json\/wp\/v2\/posts"}],"about":[{"href":"https:\/\/www.comunicatur.info\/es\/wp-json\/wp\/v2\/types\/post"}],"author":[{"embeddable":true,"href":"https:\/\/www.comunicatur.info\/es\/wp-json\/wp\/v2\/users\/408"}],"replies":[{"embeddable":true,"href":"https:\/\/www.comunicatur.info\/es\/wp-json\/wp\/v2\/comments?post=25069"}],"version-history":[{"count":1,"href":"https:\/\/www.comunicatur.info\/es\/wp-json\/wp\/v2\/posts\/25069\/revisions"}],"predecessor-version":[{"id":25070,"href":"https:\/\/www.comunicatur.info\/es\/wp-json\/wp\/v2\/posts\/25069\/revisions\/25070"}],"wp:featuredmedia":[{"embeddable":true,"href":"https:\/\/www.comunicatur.info\/es\/wp-json\/wp\/v2\/media\/25066"}],"wp:attachment":[{"href":"https:\/\/www.comunicatur.info\/es\/wp-json\/wp\/v2\/media?parent=25069"}],"wp:term":[{"taxonomy":"category","embeddable":true,"href":"https:\/\/www.comunicatur.info\/es\/wp-json\/wp\/v2\/categories?post=25069"},{"taxonomy":"post_tag","embeddable":true,"href":"https:\/\/www.comunicatur.info\/es\/wp-json\/wp\/v2\/tags?post=25069"}],"curies":[{"name":"wp","href":"https:\/\/api.w.org\/{rel}","templated":true}]}}