{"id":25062,"date":"2024-05-17T00:00:34","date_gmt":"2024-05-16T22:00:34","guid":{"rendered":"https:\/\/www.comunicatur.info\/?p=25062"},"modified":"2025-03-14T18:20:57","modified_gmt":"2025-03-14T16:20:57","slug":"5-anos-de-liberalizacion-ferroviaria","status":"publish","type":"post","link":"https:\/\/www.comunicatur.info\/es\/5-anos-de-liberalizacion-ferroviaria\/","title":{"rendered":"5 a\u00f1os de liberalizaci\u00f3n ferroviaria"},"content":{"rendered":"<p>Con la entrada en 2019 de nuevos operadores ferroviarios de alta velocidad en Espa\u00f1a la competencia ha permitido rebajar el precio del trayecto Madrid-Barcelona en un 65%. El uso de la alta velocidad se ha multiplicado por tres en estos cinco a\u00f1os, <strong>de los 10 millones anuales a los 31 millones de 2023<\/strong>.<\/p>\n<p>La Comisi\u00f3n Nacional de los Mercados y la Competencia (CNMC) avala el impacto positivo que ha generado la liberalizaci\u00f3n. Si cuantificamos econ\u00f3micamente <strong>el beneficio para los consumidores que ha supuesto la competencia, la CNMC lo estima en 343 millones de euros de beneficio<\/strong>.<\/p>\n<p>Las cuatro marcas comerciales que operan en Espa\u00f1a &#8211;<strong>AVE<\/strong>, <strong>Avlo<\/strong> (ambas de Renfe), <strong>Ouigo<\/strong> e <strong>Iryo<\/strong>\u2013, han permitido a los usuarios viajar m\u00e1s, con m\u00e1s opciones horarias y m\u00e1s barato. Las compa\u00f1\u00edas han introducido precios reducidos y tramos especiales para viajeros infantiles.<\/p>\n<p>Fij\u00e1ndonos en los tres corredores liberalizados de alta velocidad (Madrid-Barcelona, Madrid-Sevilla y Madrid -Valencia) el cambio entre la \u00e9poca de monopolio de Renfe y el actual es muy destacado. <strong>La oferta de plazas se ha incrementado un 60% y las 118 frecuencias diarias superan de mucho las 76 del 2019<\/strong>.<\/p>\n<p>El billete se ha ido reduciendo m\u00e1s en los corredores en los que se introdujo antes la competencia. Seg\u00fan la plataforma de reservas <em>Trainline,<\/em> <strong>el precio medio del billete es de 35 euros<\/strong>. En la ruta Madrid-Barcelona ha bajado un 65%, en la ruta Madrid-Valencia el descenso del precio ha sido del 44%, y en la ruta Madrid-Sevilla\/C\u00f3rdova del 35%.<\/p>\n<p>Aqu\u00ed puedes consultar el <a href=\"https:\/\/www.cnmc.es\/sites\/default\/files\/5307599.pdf\" target=\"_blank\" rel=\"noopener\">\u201cBalance de la liberalizaci\u00f3n del transporte de viajeros por ferrocarril\u201d<\/a> de la CNMC<\/p>\n","protected":false},"excerpt":{"rendered":"<p>Con la entrada en 2019 de nuevos operadores ferroviarios de alta velocidad en Espa\u00f1a la competencia ha permitido rebajar el precio del trayecto Madrid-Barcelona en un 65%. El uso de la alta velocidad se ha multiplicado por tres en estos cinco a\u00f1os, de los 10 millones anuales a los 31 millones de 2023. La Comisi\u00f3n &hellip;<\/p>\n","protected":false},"author":408,"featured_media":25060,"comment_status":"closed","ping_status":"open","sticky":false,"template":"","format":"standard","meta":[],"categories":[73,65],"tags":[],"_links":{"self":[{"href":"https:\/\/www.comunicatur.info\/es\/wp-json\/wp\/v2\/posts\/25062"}],"collection":[{"href":"https:\/\/www.comunicatur.info\/es\/wp-json\/wp\/v2\/posts"}],"about":[{"href":"https:\/\/www.comunicatur.info\/es\/wp-json\/wp\/v2\/types\/post"}],"author":[{"embeddable":true,"href":"https:\/\/www.comunicatur.info\/es\/wp-json\/wp\/v2\/users\/408"}],"replies":[{"embeddable":true,"href":"https:\/\/www.comunicatur.info\/es\/wp-json\/wp\/v2\/comments?post=25062"}],"version-history":[{"count":1,"href":"https:\/\/www.comunicatur.info\/es\/wp-json\/wp\/v2\/posts\/25062\/revisions"}],"predecessor-version":[{"id":25063,"href":"https:\/\/www.comunicatur.info\/es\/wp-json\/wp\/v2\/posts\/25062\/revisions\/25063"}],"wp:featuredmedia":[{"embeddable":true,"href":"https:\/\/www.comunicatur.info\/es\/wp-json\/wp\/v2\/media\/25060"}],"wp:attachment":[{"href":"https:\/\/www.comunicatur.info\/es\/wp-json\/wp\/v2\/media?parent=25062"}],"wp:term":[{"taxonomy":"category","embeddable":true,"href":"https:\/\/www.comunicatur.info\/es\/wp-json\/wp\/v2\/categories?post=25062"},{"taxonomy":"post_tag","embeddable":true,"href":"https:\/\/www.comunicatur.info\/es\/wp-json\/wp\/v2\/tags?post=25062"}],"curies":[{"name":"wp","href":"https:\/\/api.w.org\/{rel}","templated":true}]}}