{"id":25034,"date":"2024-05-15T00:00:23","date_gmt":"2024-05-14T22:00:23","guid":{"rendered":"https:\/\/www.comunicatur.info\/?p=25034"},"modified":"2024-05-14T12:29:57","modified_gmt":"2024-05-14T10:29:57","slug":"nueva-marca-gastronomica-sabors-maresme","status":"publish","type":"post","link":"https:\/\/www.comunicatur.info\/es\/nueva-marca-gastronomica-sabors-maresme\/","title":{"rendered":"Nueva marca gastron\u00f3mica, Sabors Maresme"},"content":{"rendered":"<p>La comarca del Maresme activa un distintivo para promocionar tur\u00edsticamente y poner en valor los productos locales. Crea la marca <a href=\"https:\/\/www.turismemaresme.cat\/es\/que-hacer\/gastronomia\/\" target=\"_blank\" rel=\"noopener\"><em>Sabors Maresme<\/em> <\/a>con objetivo visibilizar a las empresas que trabajan con los productos gastron\u00f3micos de proximidad, singulares e identificados con el territorio, tanto de tierra como del mar.<\/p>\n<p><img class=\"alignright size-medium wp-image-25029\" src=\"https:\/\/www.comunicatur.info\/wp-content\/uploads\/2024\/05\/presentacio-sabors-300x200.jpg\" alt=\"\" width=\"300\" height=\"200\" srcset=\"https:\/\/www.comunicatur.info\/wp-content\/uploads\/2024\/05\/presentacio-sabors-300x200.jpg 300w, https:\/\/www.comunicatur.info\/wp-content\/uploads\/2024\/05\/presentacio-sabors-1024x683.jpg 1024w, https:\/\/www.comunicatur.info\/wp-content\/uploads\/2024\/05\/presentacio-sabors-768x512.jpg 768w, https:\/\/www.comunicatur.info\/wp-content\/uploads\/2024\/05\/presentacio-sabors-600x400.jpg 600w, https:\/\/www.comunicatur.info\/wp-content\/uploads\/2024\/05\/presentacio-sabors-1536x1024.jpg 1536w, https:\/\/www.comunicatur.info\/wp-content\/uploads\/2024\/05\/presentacio-sabors.jpg 1600w\" sizes=\"(max-width: 300px) 100vw, 300px\" \/>El Consorcio de Promoci\u00f3n Tur\u00edstica Costa del Maresme impulsa el sector gastron\u00f3mico y destaca su excelencia como activo tur\u00edstico de alto valor. Bajo la marca ha agrupado restauradores, alojamientos y empresas de eventos y actividades gastron\u00f3micas.<\/p>\n<p>Seg\u00fan informa el Consorcio, <em>\u201c<strong>Sabors Maresme<\/strong> nace con m\u00e1s de sesenta establecimientos adheridos y est\u00e1 abierto a que las empresas vinculadas a la enogastronom\u00eda de la comarca se adhieran de forma gratuita. Los restauradores que deseen sumarse deben cumplir requisitos como comprar a los productores del Maresme, ofrecer elaboraciones t\u00edpicas de la comarca e indicarlo en la carta, entre otros.\u201d<\/em><\/p>\n<p>La presidenta del Consorcio, Carme Ponsa, explica que<em> <strong>\u201cen nuestra comarca tenemos mucho que ofrecer, y esta cultura culinaria debe extenderse al turismo local y hacerlo visible en todo el mundo\u201d<\/strong>. <\/em>Los productores demandan este tipo de divulgaci\u00f3n ya que a menudo son los residentes m\u00e1s cercanos los que no conocen sus productos, dicen.<\/p>\n","protected":false},"excerpt":{"rendered":"<p>La comarca del Maresme activa un distintivo para promocionar tur\u00edsticamente y poner en valor los productos locales. Crea la marca Sabors Maresme con objetivo visibilizar a las empresas que trabajan con los productos gastron\u00f3micos de proximidad, singulares e identificados con el territorio, tanto de tierra como del mar. El Consorcio de Promoci\u00f3n Tur\u00edstica Costa del &hellip;<\/p>\n","protected":false},"author":408,"featured_media":25031,"comment_status":"closed","ping_status":"open","sticky":false,"template":"","format":"standard","meta":[],"categories":[62],"tags":[],"_links":{"self":[{"href":"https:\/\/www.comunicatur.info\/es\/wp-json\/wp\/v2\/posts\/25034"}],"collection":[{"href":"https:\/\/www.comunicatur.info\/es\/wp-json\/wp\/v2\/posts"}],"about":[{"href":"https:\/\/www.comunicatur.info\/es\/wp-json\/wp\/v2\/types\/post"}],"author":[{"embeddable":true,"href":"https:\/\/www.comunicatur.info\/es\/wp-json\/wp\/v2\/users\/408"}],"replies":[{"embeddable":true,"href":"https:\/\/www.comunicatur.info\/es\/wp-json\/wp\/v2\/comments?post=25034"}],"version-history":[{"count":4,"href":"https:\/\/www.comunicatur.info\/es\/wp-json\/wp\/v2\/posts\/25034\/revisions"}],"predecessor-version":[{"id":25042,"href":"https:\/\/www.comunicatur.info\/es\/wp-json\/wp\/v2\/posts\/25034\/revisions\/25042"}],"wp:featuredmedia":[{"embeddable":true,"href":"https:\/\/www.comunicatur.info\/es\/wp-json\/wp\/v2\/media\/25031"}],"wp:attachment":[{"href":"https:\/\/www.comunicatur.info\/es\/wp-json\/wp\/v2\/media?parent=25034"}],"wp:term":[{"taxonomy":"category","embeddable":true,"href":"https:\/\/www.comunicatur.info\/es\/wp-json\/wp\/v2\/categories?post=25034"},{"taxonomy":"post_tag","embeddable":true,"href":"https:\/\/www.comunicatur.info\/es\/wp-json\/wp\/v2\/tags?post=25034"}],"curies":[{"name":"wp","href":"https:\/\/api.w.org\/{rel}","templated":true}]}}