{"id":2503,"date":"2010-07-29T00:00:00","date_gmt":"2010-07-29T00:00:00","guid":{"rendered":"https:\/\/comunicatur.info\/ero-dextincio-per-a-tota-la-plantilla-de-marsans-5\/"},"modified":"2010-07-29T00:00:00","modified_gmt":"2010-07-29T00:00:00","slug":"ero-dextincio-per-a-tota-la-plantilla-de-marsans-5","status":"publish","type":"post","link":"https:\/\/www.comunicatur.info\/es\/ero-dextincio-per-a-tota-la-plantilla-de-marsans-5\/","title":{"rendered":"ERE de extinci\u00f3n para toda la plantilla de Marsans"},"content":{"rendered":"<p>Los trabajadores de Viajes Marsans han aceptado la propuesta de la compa\u00f1\u00eda de aplicar un Expediente de Regulaci\u00f3n de Empleo (ERE) de extinci\u00f3n que afectar\u00e1 a la pr\u00e1ctica totalidad de la plantilla, unos 1.400 empleados, a la vista de la \u00abnula viabilidad\u00bb de la compa\u00f1\u00eda.<\/p>\n<p>Fuentes de la compa\u00f1\u00eda aseguran que esta operaci\u00f3n no supone el fin de la actividad de Viajes Marsans, ya que \u00abcontin\u00faa pendiente de finalizarse la venta de algunos activos\u00bb, lo que podr\u00eda aportar fondos a la tesorer\u00eda para \u00abretomar poco a poco la actividad\u00bb. En este sentido, aclaran que el acuerdo con los trabajadores les otorga \u00abprioridad de contrataci\u00f3n\u00bb ante la posible reapertura y recuperaci\u00f3n de la actividad en las agencias del grupo.<\/p>\n<p>Medio centenar de trabajadores no se acoger\u00e1n al ERE y continuar\u00e1n trabajando para Viajes Marsans \u00abde manera voluntaria y con el sueldo asegurado\u00bb para realizar labores administrativas y de recursos humanos.<\/p>\n<p>Por su parte, fuentes del sindicato UGT se\u00f1alan a que las condiciones del ERE \u00abestar\u00e1n dentro de la normalidad a pesar de las dificultades de la empresa\u00bb, e incluir\u00e1n una indemnizaci\u00f3n de 32 d\u00edas por a\u00f1o trabajado, por un m\u00e1ximo de 30 mensualidades, estableciendo un tope salarial de 70.000 euros \u00abpor motivos morales\u00bb.<\/p>\n<p>Parte de la financiaci\u00f3n del expediente provendr\u00e1 del Fondo de Garant\u00eda Salarial (Fogasa) y el resto corresponder\u00e1 a la masa concursal. El ERE destinar\u00e1 tambi\u00e9n un fondo de 1,9 millones de euros para el \u00abpersonal de dif\u00edcil colocaci\u00f3n\u00bb, como mayores de 50 a\u00f1os o trabajadores con discapacidad. UGT baraja emprender acciones judiciales contra los antiguos due\u00f1os, D\u00edaz Ferr\u00e1n y Pascual.<\/p>\n<p>El ERE de extinci\u00f3n deber\u00e1 ahora ser ratificado por la Direcci\u00f3n General de Trabajo, as\u00ed como por el Juzgado de lo Mercantil n\u00famero 12 de Madrid, que tramita el concurso necesario de la compa\u00f1\u00eda.\/Ag EP<\/p>\n","protected":false},"excerpt":{"rendered":"<p>Los trabajadores de Viajes Marsans han aceptado la propuesta de la compa\u00f1\u00eda de aplicar un Expediente de Regulaci\u00f3n de Empleo (ERE) de extinci\u00f3n que afectar\u00e1 a la pr\u00e1ctica totalidad de la plantilla, unos 1.400 empleados, a la vista de la \u00abnula viabilidad\u00bb de la compa\u00f1\u00eda.<\/p>\n","protected":false},"author":1,"featured_media":0,"comment_status":"close","ping_status":"open","sticky":false,"template":"","format":"standard","meta":[],"categories":[41],"tags":[],"_links":{"self":[{"href":"https:\/\/www.comunicatur.info\/es\/wp-json\/wp\/v2\/posts\/2503"}],"collection":[{"href":"https:\/\/www.comunicatur.info\/es\/wp-json\/wp\/v2\/posts"}],"about":[{"href":"https:\/\/www.comunicatur.info\/es\/wp-json\/wp\/v2\/types\/post"}],"author":[{"embeddable":true,"href":"https:\/\/www.comunicatur.info\/es\/wp-json\/wp\/v2\/users\/1"}],"replies":[{"embeddable":true,"href":"https:\/\/www.comunicatur.info\/es\/wp-json\/wp\/v2\/comments?post=2503"}],"version-history":[{"count":0,"href":"https:\/\/www.comunicatur.info\/es\/wp-json\/wp\/v2\/posts\/2503\/revisions"}],"wp:attachment":[{"href":"https:\/\/www.comunicatur.info\/es\/wp-json\/wp\/v2\/media?parent=2503"}],"wp:term":[{"taxonomy":"category","embeddable":true,"href":"https:\/\/www.comunicatur.info\/es\/wp-json\/wp\/v2\/categories?post=2503"},{"taxonomy":"post_tag","embeddable":true,"href":"https:\/\/www.comunicatur.info\/es\/wp-json\/wp\/v2\/tags?post=2503"}],"curies":[{"name":"wp","href":"https:\/\/api.w.org\/{rel}","templated":true}]}}