{"id":24934,"date":"2024-04-30T00:00:54","date_gmt":"2024-04-29T22:00:54","guid":{"rendered":"https:\/\/www.comunicatur.info\/?p=24934"},"modified":"2024-04-25T20:06:16","modified_gmt":"2024-04-25T18:06:16","slug":"rechazo-turistico-en-canarias-en-la-epoca-de-mayor-exito-del-sector","status":"publish","type":"post","link":"https:\/\/www.comunicatur.info\/es\/rechazo-turistico-en-canarias-en-la-epoca-de-mayor-exito-del-sector\/","title":{"rendered":"Rechazo tur\u00edstico en Canarias en la \u00e9poca de mayor \u00e9xito del sector"},"content":{"rendered":"<p>Las cr\u00edticas al modelo de turismo de Canarias est\u00e1n coincidiendo con el momento m\u00e1s \u00e1lgido del sector hotelero en el archipi\u00e9lago. Los alojamientos est\u00e1n teniendo la mayor rentabilidad de toda Espa\u00f1a.<\/p>\n<figure id=\"attachment_24922\" aria-describedby=\"caption-attachment-24922\" style=\"width: 300px\" class=\"wp-caption alignright\"><img class=\"wp-image-24922 size-medium\" src=\"https:\/\/www.comunicatur.info\/wp-content\/uploads\/2024\/04\/Manifestacion_Canarias-300x169.jpg\" alt=\"\" width=\"300\" height=\"169\" srcset=\"https:\/\/www.comunicatur.info\/wp-content\/uploads\/2024\/04\/Manifestacion_Canarias-300x169.jpg 300w, https:\/\/www.comunicatur.info\/wp-content\/uploads\/2024\/04\/Manifestacion_Canarias-1024x576.jpg 1024w, https:\/\/www.comunicatur.info\/wp-content\/uploads\/2024\/04\/Manifestacion_Canarias-768x432.jpg 768w, https:\/\/www.comunicatur.info\/wp-content\/uploads\/2024\/04\/Manifestacion_Canarias-600x337.jpg 600w, https:\/\/www.comunicatur.info\/wp-content\/uploads\/2024\/04\/Manifestacion_Canarias-1536x864.jpg 1536w, https:\/\/www.comunicatur.info\/wp-content\/uploads\/2024\/04\/Manifestacion_Canarias-390x220.jpg 390w, https:\/\/www.comunicatur.info\/wp-content\/uploads\/2024\/04\/Manifestacion_Canarias.jpg 1599w\" sizes=\"(max-width: 300px) 100vw, 300px\" \/><figcaption id=\"caption-attachment-24922\" class=\"wp-caption-text\">Manifestaci\u00f3n contra el modelo tur\u00edstico de Canarias<\/figcaption><\/figure>\n<p>Estos buenos resultados que ha facilitado el INE sobre el n\u00famero de turistas y la rentabilidad hotelera contrastan con el rechazo social a la masificaci\u00f3n tur\u00edstica que se ha materializado con una de las m\u00e1s multitudinarias manifestaciones que han vivido en las islas.<\/p>\n<p>Los datos de rentabilidad hotelera, que se refieren a los ingresos de los establecimientos por cada habitaci\u00f3n disponible, son casi el doble en Canarias (127 euro por habitaci\u00f3n) que en el resto de Espa\u00f1a (69 euros por habitaci\u00f3n). En cuanto al precio medio de la habitaci\u00f3n, en Canarias se situ\u00f3 en 134 euros -la tarifa m\u00e1s cara del estado en el mes de marzo- por encima de los 109 euros de media de Espa\u00f1a. Hay que tener en cuenta que estos meses se pueden considerar temporada alta en Canarias.<\/p>\n<p>El sector hotelero canario en particular y el espa\u00f1ol en general est\u00e1 viviendo un momento dulce. Los precios hoteleros est\u00e1n creciendo un 10% respecto a 2023. La actividad tur\u00edstica est\u00e1 siendo el gran sector contribuidor de la econom\u00eda espa\u00f1ola.<\/p>\n","protected":false},"excerpt":{"rendered":"<p>Las cr\u00edticas al modelo de turismo de Canarias est\u00e1n coincidiendo con el momento m\u00e1s \u00e1lgido del sector hotelero en el archipi\u00e9lago. Los alojamientos est\u00e1n teniendo la mayor rentabilidad de toda Espa\u00f1a. Estos buenos resultados que ha facilitado el INE sobre el n\u00famero de turistas y la rentabilidad hotelera contrastan con el rechazo social a la &hellip;<\/p>\n","protected":false},"author":408,"featured_media":24920,"comment_status":"closed","ping_status":"open","sticky":false,"template":"","format":"standard","meta":[],"categories":[62],"tags":[],"_links":{"self":[{"href":"https:\/\/www.comunicatur.info\/es\/wp-json\/wp\/v2\/posts\/24934"}],"collection":[{"href":"https:\/\/www.comunicatur.info\/es\/wp-json\/wp\/v2\/posts"}],"about":[{"href":"https:\/\/www.comunicatur.info\/es\/wp-json\/wp\/v2\/types\/post"}],"author":[{"embeddable":true,"href":"https:\/\/www.comunicatur.info\/es\/wp-json\/wp\/v2\/users\/408"}],"replies":[{"embeddable":true,"href":"https:\/\/www.comunicatur.info\/es\/wp-json\/wp\/v2\/comments?post=24934"}],"version-history":[{"count":2,"href":"https:\/\/www.comunicatur.info\/es\/wp-json\/wp\/v2\/posts\/24934\/revisions"}],"predecessor-version":[{"id":24936,"href":"https:\/\/www.comunicatur.info\/es\/wp-json\/wp\/v2\/posts\/24934\/revisions\/24936"}],"wp:featuredmedia":[{"embeddable":true,"href":"https:\/\/www.comunicatur.info\/es\/wp-json\/wp\/v2\/media\/24920"}],"wp:attachment":[{"href":"https:\/\/www.comunicatur.info\/es\/wp-json\/wp\/v2\/media?parent=24934"}],"wp:term":[{"taxonomy":"category","embeddable":true,"href":"https:\/\/www.comunicatur.info\/es\/wp-json\/wp\/v2\/categories?post=24934"},{"taxonomy":"post_tag","embeddable":true,"href":"https:\/\/www.comunicatur.info\/es\/wp-json\/wp\/v2\/tags?post=24934"}],"curies":[{"name":"wp","href":"https:\/\/api.w.org\/{rel}","templated":true}]}}