{"id":24906,"date":"2024-04-23T00:00:12","date_gmt":"2024-04-22T22:00:12","guid":{"rendered":"https:\/\/www.comunicatur.info\/?p=24906"},"modified":"2024-04-22T18:04:24","modified_gmt":"2024-04-22T16:04:24","slug":"el-turismo-crece-y-se-dispara-el-empleo-y-la-facturacion","status":"publish","type":"post","link":"https:\/\/www.comunicatur.info\/es\/el-turismo-crece-y-se-dispara-el-empleo-y-la-facturacion\/","title":{"rendered":"El turismo crece y se dispara el empleo y la facturaci\u00f3n"},"content":{"rendered":"<p>La demanda tur\u00edstica est\u00e1 creciendo en lo que llevamos de 2024. Los visitantes extranjeros van en aumento y la clientela nacional se mantiene en buenos datos.<\/p>\n<p>El incremento de la demanda y la actividad ha provocado tambi\u00e9n que <strong>la facturaci\u00f3n del sector tur\u00edstico suba comparado con el 2023<\/strong>. Los hoteles, campings y apartamentos han facturado m\u00e1s en enero y febrero. En el primer mes del a\u00f1o vivieron un incremento del 13,2% y en febrero del 17,2% respecto a los mismos meses del a\u00f1o pasado. El transporte a\u00e9reo tambi\u00e9n se ha situado en positivo con una mejora del 10,6% de la facturaci\u00f3n.<\/p>\n<p>En la misma l\u00ednea apunta Exceltur, que asegura que, durante los tres primeros meses, <strong>las ventas del sector tur\u00edstico en su conjunto han crecido un 12,4%,<\/strong> y destaca las compa\u00f1\u00edas de rent a car (+24,8%) y de ocio (+16%).<\/p>\n<p>Con todo, el mercado laboral en el sector tur\u00edstico tambi\u00e9n se ha comportado de forma muy positiva. Aunque como ya informamos en Comunicatur, <a href=\"https:\/\/www.comunicatur.info\/es\/vuelve-el-fantasma-de-la-falta-de-personal-en-el-sector-turistico\/\">el sector est\u00e1 necesitados de m\u00e1s personal que nunca y est\u00e1 teniendo dificultades para encontrarlo.<\/a><\/p>\n<p>Los afiliados a la Seguridad Social del sector tur\u00edstico han crecido un 6,1% interanual en marzo y ya se superan los 2,7 millones de empleos en Espa\u00f1a. <strong>El sector tur\u00edstico supone el 13,1% del total de trabajadores<\/strong> en los sectores econ\u00f3micos. <strong>En el \u00faltimo a\u00f1o son cerca de 160.000 nuevos afiliados en la hosteler\u00eda, las agencias de viajes y otras actividades tur\u00edsticas.<\/strong><\/p>\n<p>Con estos indicadores al alza, Exceltur se aventura a hacer una predicci\u00f3n: el PIB tur\u00edstico superar\u00e1 los 200.000 millones de euros este 2024, llegando a suponer <strong>el 13,3% de la econom\u00eda espa\u00f1ola.<\/strong><\/p>\n","protected":false},"excerpt":{"rendered":"<p>La demanda tur\u00edstica est\u00e1 creciendo en lo que llevamos de 2024. Los visitantes extranjeros van en aumento y la clientela nacional se mantiene en buenos datos. El incremento de la demanda y la actividad ha provocado tambi\u00e9n que la facturaci\u00f3n del sector tur\u00edstico suba comparado con el 2023. Los hoteles, campings y apartamentos han facturado &hellip;<\/p>\n","protected":false},"author":408,"featured_media":24902,"comment_status":"closed","ping_status":"open","sticky":false,"template":"","format":"standard","meta":[],"categories":[74],"tags":[],"_links":{"self":[{"href":"https:\/\/www.comunicatur.info\/es\/wp-json\/wp\/v2\/posts\/24906"}],"collection":[{"href":"https:\/\/www.comunicatur.info\/es\/wp-json\/wp\/v2\/posts"}],"about":[{"href":"https:\/\/www.comunicatur.info\/es\/wp-json\/wp\/v2\/types\/post"}],"author":[{"embeddable":true,"href":"https:\/\/www.comunicatur.info\/es\/wp-json\/wp\/v2\/users\/408"}],"replies":[{"embeddable":true,"href":"https:\/\/www.comunicatur.info\/es\/wp-json\/wp\/v2\/comments?post=24906"}],"version-history":[{"count":3,"href":"https:\/\/www.comunicatur.info\/es\/wp-json\/wp\/v2\/posts\/24906\/revisions"}],"predecessor-version":[{"id":24909,"href":"https:\/\/www.comunicatur.info\/es\/wp-json\/wp\/v2\/posts\/24906\/revisions\/24909"}],"wp:featuredmedia":[{"embeddable":true,"href":"https:\/\/www.comunicatur.info\/es\/wp-json\/wp\/v2\/media\/24902"}],"wp:attachment":[{"href":"https:\/\/www.comunicatur.info\/es\/wp-json\/wp\/v2\/media?parent=24906"}],"wp:term":[{"taxonomy":"category","embeddable":true,"href":"https:\/\/www.comunicatur.info\/es\/wp-json\/wp\/v2\/categories?post=24906"},{"taxonomy":"post_tag","embeddable":true,"href":"https:\/\/www.comunicatur.info\/es\/wp-json\/wp\/v2\/tags?post=24906"}],"curies":[{"name":"wp","href":"https:\/\/api.w.org\/{rel}","templated":true}]}}