{"id":24811,"date":"2024-04-08T00:00:26","date_gmt":"2024-04-07T22:00:26","guid":{"rendered":"https:\/\/www.comunicatur.info\/?p=24811"},"modified":"2024-04-05T16:39:52","modified_gmt":"2024-04-05T14:39:52","slug":"nadie-se-preocupa-por-recuperar-las-playas-catalanas","status":"publish","type":"post","link":"https:\/\/www.comunicatur.info\/es\/nadie-se-preocupa-por-recuperar-las-playas-catalanas\/","title":{"rendered":"Nadie se preocupa por recuperar las playas catalanas"},"content":{"rendered":"<p>El temporal ha hecho desaparecer kil\u00f3metros y kil\u00f3metros de playas desde la Costa Brava hasta la Costa Daurada, pasando por todo el litoral de la provincia de Barcelona (Maresme, Barcelona y Garraf). La afectaci\u00f3n de los temporales mar\u00edtimos ha llevado a la eliminaci\u00f3n del mayor recurso tur\u00edstico de Catalu\u00f1a.<\/p>\n<p>Una situaci\u00f3n como \u00e9sta no se hab\u00eda vivido antes. Ni el temporal Gloria que supuso un gran impacto ha tenido un efecto tan negativo sobre la costa. Hoy la arena ha desaparecido y con ella toda la infraestructura de servicios que ofrece la playa: duchas, pasarelas, escaleras de acceso, torres de vigilancia, chiringuitos, instalaciones de luz y agua&#8230; Y detr\u00e1s de la playa han sufrido los paseos mar\u00edtimos, destrozos del pavimento, el arbolado, el alumbrado y el mobiliario urbano.<\/p>\n<blockquote><p>Un verano sin playa, casi seguro<\/p><\/blockquote>\n<p><img class=\"alignright size-medium wp-image-24805\" src=\"https:\/\/www.comunicatur.info\/wp-content\/uploads\/2024\/04\/litoral_temporal_platja24-300x221.gif\" alt=\"\" width=\"300\" height=\"221\" srcset=\"https:\/\/www.comunicatur.info\/wp-content\/uploads\/2024\/04\/litoral_temporal_platja24-300x221.gif 300w, https:\/\/www.comunicatur.info\/wp-content\/uploads\/2024\/04\/litoral_temporal_platja24-768x565.gif 768w, https:\/\/www.comunicatur.info\/wp-content\/uploads\/2024\/04\/litoral_temporal_platja24-600x441.gif 600w\" sizes=\"(max-width: 300px) 100vw, 300px\" \/>Estamos a menos de tres meses del inicio de la temporada de verano y la recuperaci\u00f3n de los destrozos llevar\u00e1 tiempo, no todos los municipios han empezado a reponer los desperfectos. Pero lo m\u00e1s preocupante es que la recuperaci\u00f3n de la arena de las playas parece una responsabilidad esquiva para las administraciones locales, auton\u00f3mica y estatal. El cambio clim\u00e1tico es el culpable de los temporales mar\u00edtimos y la subida del nivel del mar, pero tambi\u00e9n es cierto que la ingenier\u00eda civil permite aplicar medidas que protejan la costa.<\/p>\n<p>Sin playas, Catalu\u00f1a perder\u00e1 una de las principales fuentes de riqueza, el turismo de sol y playa, pero tambi\u00e9n la ciudadan\u00eda perder\u00e1 el derecho a disfrutar de su litoral, playas y paseos mar\u00edtimos. Ahora es la administraci\u00f3n la que deber\u00eda garantizar la conquista de ese valor social. La ley de costas fue un paso en esa direcci\u00f3n, la de preservar por el bien com\u00fan la primera l\u00ednea de mar. Toca mantener ese esp\u00edritu y actuar en la construcci\u00f3n de espigones permanentes o m\u00f3viles que eviten que el mar trague la playa.<\/p>\n","protected":false},"excerpt":{"rendered":"<p>El temporal ha hecho desaparecer kil\u00f3metros y kil\u00f3metros de playas desde la Costa Brava hasta la Costa Daurada, pasando por todo el litoral de la provincia de Barcelona (Maresme, Barcelona y Garraf). La afectaci\u00f3n de los temporales mar\u00edtimos ha llevado a la eliminaci\u00f3n del mayor recurso tur\u00edstico de Catalu\u00f1a. Una situaci\u00f3n como \u00e9sta no se &hellip;<\/p>\n","protected":false},"author":408,"featured_media":24809,"comment_status":"closed","ping_status":"open","sticky":false,"template":"","format":"standard","meta":[],"categories":[62],"tags":[],"_links":{"self":[{"href":"https:\/\/www.comunicatur.info\/es\/wp-json\/wp\/v2\/posts\/24811"}],"collection":[{"href":"https:\/\/www.comunicatur.info\/es\/wp-json\/wp\/v2\/posts"}],"about":[{"href":"https:\/\/www.comunicatur.info\/es\/wp-json\/wp\/v2\/types\/post"}],"author":[{"embeddable":true,"href":"https:\/\/www.comunicatur.info\/es\/wp-json\/wp\/v2\/users\/408"}],"replies":[{"embeddable":true,"href":"https:\/\/www.comunicatur.info\/es\/wp-json\/wp\/v2\/comments?post=24811"}],"version-history":[{"count":3,"href":"https:\/\/www.comunicatur.info\/es\/wp-json\/wp\/v2\/posts\/24811\/revisions"}],"predecessor-version":[{"id":24814,"href":"https:\/\/www.comunicatur.info\/es\/wp-json\/wp\/v2\/posts\/24811\/revisions\/24814"}],"wp:featuredmedia":[{"embeddable":true,"href":"https:\/\/www.comunicatur.info\/es\/wp-json\/wp\/v2\/media\/24809"}],"wp:attachment":[{"href":"https:\/\/www.comunicatur.info\/es\/wp-json\/wp\/v2\/media?parent=24811"}],"wp:term":[{"taxonomy":"category","embeddable":true,"href":"https:\/\/www.comunicatur.info\/es\/wp-json\/wp\/v2\/categories?post=24811"},{"taxonomy":"post_tag","embeddable":true,"href":"https:\/\/www.comunicatur.info\/es\/wp-json\/wp\/v2\/tags?post=24811"}],"curies":[{"name":"wp","href":"https:\/\/api.w.org\/{rel}","templated":true}]}}