{"id":24792,"date":"2024-04-05T00:00:05","date_gmt":"2024-04-04T22:00:05","guid":{"rendered":"https:\/\/www.comunicatur.info\/?p=24792"},"modified":"2024-04-04T15:03:42","modified_gmt":"2024-04-04T13:03:42","slug":"el-crucero-patera-que-llevaba-viajeros-sin-visado-valido","status":"publish","type":"post","link":"https:\/\/www.comunicatur.info\/es\/el-crucero-patera-que-llevaba-viajeros-sin-visado-valido\/","title":{"rendered":"El crucero \u2018patera\u2019 que llevaba viajeros sin visado v\u00e1lido"},"content":{"rendered":"<p>Las autoridades espa\u00f1olas han <strong>retenido en el Port de Barcelona a un crucero con 1.500 pasajeros al detectar que 69 ciudadanos bolivianos viajaban con un visado falso<\/strong> o al menos no v\u00e1lido para ingresar en el espacio Schengen. Despu\u00e9s de dos d\u00edas lo ha dejado zarpar pero sin este grupo de Bolivia que ha quedado confinado en otra embarcaci\u00f3n de la niviera.<\/p>\n<p><strong>La polic\u00eda sospechaba que la intenci\u00f3n de estas personas era acceder a Espa\u00f1a de forma ilegal<\/strong> porque la escala de Barcelona era la \u00faltima de su viaje, no del resto del pasaje que ten\u00eda previsto continuar la ruta por el Mediterr\u00e1neo.<\/p>\n<p>El grupo de setenta bolivianos se embarc\u00f3 en Brasil en el <strong>MSC Armonia<\/strong> y cruz\u00f3 el oc\u00e9ano atl\u00e1ntico en ese crucero. El barco retenido y otros muchos turistas, tantos como un millar, que iniciaban su viaje hacia Italia y Croacia han visto alterado todos sus planes.<\/p>\n<blockquote><p><strong>Estafa o inmigraci\u00f3n ilegal<\/strong><\/p><\/blockquote>\n<p>El gobierno de Bolivia y su consulado est\u00e1n trabajando con el gobierno espa\u00f1ol para esclarecer la situaci\u00f3n. Las autoridades bolivianas <strong>acusan a la compa\u00f1\u00eda de no realizar los controles de documentaci\u00f3n pertinente<\/strong>. Por su parte, la empresa afirma que los viajeros presentaron una documentaci\u00f3n que parec\u00eda correcta.<\/p>\n<p>Los cruceristas sudamericanos declaran que han sido v\u00edctimas de una estafa y que pagaron a la agencia de viajes hasta 10.000 d\u00f3lares por persona. Ahora parece que no ten\u00edan billete de avi\u00f3n de vuelta y los ciudadanos bolivianos argumentan que la agencia los anul\u00f3 en cuanto salieron de Brasil en el barco<strong>. La polic\u00eda no descarta que se trate de un intento de entrar de forma ilegal en Espa\u00f1a<\/strong> ya que en la anterior escala que realizaron en M\u00e1laga ya intentaron desembarcar, tambi\u00e9n sin \u00e9xito.<\/p>\n<p>Los bolivianos, retenidos en el interior del barco no pudieron pisar Barcelona ni territorio europeo, mientras, el resto de personas s\u00ed que quedaron liberados, pero con un viaje por el Mediterr\u00e1neo que ha quedado totalmente alterado.<\/p>\n","protected":false},"excerpt":{"rendered":"<p>Las autoridades espa\u00f1olas han retenido en el Port de Barcelona a un crucero con 1.500 pasajeros al detectar que 69 ciudadanos bolivianos viajaban con un visado falso o al menos no v\u00e1lido para ingresar en el espacio Schengen. Despu\u00e9s de dos d\u00edas lo ha dejado zarpar pero sin este grupo de Bolivia que ha quedado &hellip;<\/p>\n","protected":false},"author":408,"featured_media":24785,"comment_status":"closed","ping_status":"open","sticky":false,"template":"","format":"standard","meta":[],"categories":[73],"tags":[],"_links":{"self":[{"href":"https:\/\/www.comunicatur.info\/es\/wp-json\/wp\/v2\/posts\/24792"}],"collection":[{"href":"https:\/\/www.comunicatur.info\/es\/wp-json\/wp\/v2\/posts"}],"about":[{"href":"https:\/\/www.comunicatur.info\/es\/wp-json\/wp\/v2\/types\/post"}],"author":[{"embeddable":true,"href":"https:\/\/www.comunicatur.info\/es\/wp-json\/wp\/v2\/users\/408"}],"replies":[{"embeddable":true,"href":"https:\/\/www.comunicatur.info\/es\/wp-json\/wp\/v2\/comments?post=24792"}],"version-history":[{"count":4,"href":"https:\/\/www.comunicatur.info\/es\/wp-json\/wp\/v2\/posts\/24792\/revisions"}],"predecessor-version":[{"id":24798,"href":"https:\/\/www.comunicatur.info\/es\/wp-json\/wp\/v2\/posts\/24792\/revisions\/24798"}],"wp:featuredmedia":[{"embeddable":true,"href":"https:\/\/www.comunicatur.info\/es\/wp-json\/wp\/v2\/media\/24785"}],"wp:attachment":[{"href":"https:\/\/www.comunicatur.info\/es\/wp-json\/wp\/v2\/media?parent=24792"}],"wp:term":[{"taxonomy":"category","embeddable":true,"href":"https:\/\/www.comunicatur.info\/es\/wp-json\/wp\/v2\/categories?post=24792"},{"taxonomy":"post_tag","embeddable":true,"href":"https:\/\/www.comunicatur.info\/es\/wp-json\/wp\/v2\/tags?post=24792"}],"curies":[{"name":"wp","href":"https:\/\/api.w.org\/{rel}","templated":true}]}}