{"id":24745,"date":"2024-03-27T10:11:12","date_gmt":"2024-03-27T08:11:12","guid":{"rendered":"https:\/\/www.comunicatur.info\/?p=24745"},"modified":"2024-03-27T12:12:34","modified_gmt":"2024-03-27T10:12:34","slug":"ata-informa-a-los-turistas-sobre-la-nueva-regulacion-de-las-viviendas-de-uso-turistico-vut","status":"publish","type":"post","link":"https:\/\/www.comunicatur.info\/es\/ata-informa-a-los-turistas-sobre-la-nueva-regulacion-de-las-viviendas-de-uso-turistico-vut\/","title":{"rendered":"ATA informa a los turistas sobre la nueva regulaci\u00f3n de las viviendas de uso tur\u00edstico (VUT)"},"content":{"rendered":"<p>Coincidiendo con el inicio de las vacaciones de Semana Santa, la Asociaci\u00f3n Tur\u00edstica de Apartamentos Costa Brava-Pirineu de Girona (ATA) ha iniciado una <strong>campa\u00f1a dirigida a los turistas para concienciarlos de como les afectar\u00e1 la nueva regulaci\u00f3n del Gobierno de la Generalitat de Catalunya sobre las viviendas de uso tur\u00edstico (VUT)<\/strong> que fue aprobada por el Parlamento de Catalu\u00f1a el pasado 20 de diciembre.<\/p>\n<p>La ATA es muy cr\u00edtica con el Decreto Ley de medidas urgentes sobre el r\u00e9gimen urban\u00edstico de las VUT y quiere que los usuarios de esta tipolog\u00eda de alojamiento conozcan la problem\u00e1tica. Cree que la normativa, presentada por el Departamento de Territorio de la Generalitat de Catalu\u00f1a, <strong>\u201cde forma unilateral y de espaldas al sector y al territorio\u201d<\/strong>, los perjudica de tal manera que puede desaparecer hasta un 80% de este modelo de alojamiento, como ya denunci\u00f3 en un manifiesto publicado en noviembre de 2023.<\/p>\n<p><img class=\"alignright size-medium wp-image-24742\" src=\"https:\/\/www.comunicatur.info\/wp-content\/uploads\/2024\/03\/7_turista_cat-212x300.jpg\" alt=\"\" width=\"212\" height=\"300\" srcset=\"https:\/\/www.comunicatur.info\/wp-content\/uploads\/2024\/03\/7_turista_cat-212x300.jpg 212w, https:\/\/www.comunicatur.info\/wp-content\/uploads\/2024\/03\/7_turista_cat-724x1024.jpg 724w, https:\/\/www.comunicatur.info\/wp-content\/uploads\/2024\/03\/7_turista_cat-768x1086.jpg 768w, https:\/\/www.comunicatur.info\/wp-content\/uploads\/2024\/03\/7_turista_cat-600x849.jpg 600w, https:\/\/www.comunicatur.info\/wp-content\/uploads\/2024\/03\/7_turista_cat-1086x1536.jpg 1086w, https:\/\/www.comunicatur.info\/wp-content\/uploads\/2024\/03\/7_turista_cat.jpg 1414w\" sizes=\"(max-width: 212px) 100vw, 212px\" \/>La campa\u00f1a informativa consta de unos <em>flyers<\/em> en catal\u00e1n y castellano que se han distribuido entre los asociados de la ATA para que los puedan entregar a los usuarios de las VUT. En los carteles hay un c\u00f3digo QR para acceder a la web de la asociaci\u00f3n, donde hay toda la informaci\u00f3n sobre el tema e incluso el posicionamiento de los diferentes partidos pol\u00edticos. Lo pod\u00e9is ver <a href=\"https:\/\/es.apartmentsandvillascostabrava.com\/dl-3-2023?\" target=\"_blank\" rel=\"noopener\"><strong>AQU\u00cd<\/strong><\/a><strong>.<\/strong><\/p>\n<p>Los mensajes que se transmiten hacen referencia a que la ATA quiere que las familias, parejas y deportistas sigan aloj\u00e1ndose en sus apartamentos y casas de vacaciones porque es la opci\u00f3n que han escogido a\u00f1o tras a\u00f1o. La asociaci\u00f3n tambi\u00e9n destaca que los usuarios escogen esta tipolog\u00eda por sus caracter\u00edsticas: disponer de un espacio amplio y c\u00f3modo, disfrutar de los productos de proximidad para hacer las comidas y confianza en los profesionales que hay detr\u00e1s.<\/p>\n<p>Recuerda que <strong>Catalu\u00f1a cuenta con un total de 102.798 viviendas de uso tur\u00edstico<\/strong>, lo que representa 574.591 plazas, un 39,4% del total de plazas de alojamiento tur\u00edstico del territorio. Estos alojamientos representan un 2,56% del parque total de viviendas de Catalu\u00f1a, una proporci\u00f3n tan baja que en ning\u00fan caso puede tener incidencia en la falta de vivienda.<\/p>\n<p><strong>Los alquileres tur\u00edsticos aportan el 2,94% del PIB tur\u00edstico catal\u00e1n<\/strong>, sin tener en cuenta el impacto directo y el inducido, y suponen un 6% de los puestos de trabajo del sector tur\u00edstico de Catalu\u00f1a.<\/p>\n<p>Al mismo tiempo, <strong>la ATA tambi\u00e9n hace un llamamiento para que los turistas participen en la recogida de firmas que se ha iniciado a favor de las VUT<\/strong> y en la campa\u00f1a de <em>crowfunding<\/em> que el sector ha puesto en marcha para financiar las acciones que se est\u00e1n llevando a cabo contra la decisi\u00f3n del Govern.<\/p>\n<p>Comunicatur ha publicado varios art\u00edculos sobre este tema y su problem\u00e1tica desde noviembre de 2023. Los pod\u00e9is leer en <a href=\"https:\/\/www.comunicatur.info\/es\/la-normativa-catalana-de-viviendas-turisticas-se-modificara\/\"><strong>ESTA NOTICIA<\/strong><\/a> y en las relacionadas que encontrar\u00e9is a pie de p\u00e1gina.<\/p>\n<blockquote class=\"wp-embedded-content\" data-secret=\"PJmXTFPTmJ\"><p><a href=\"https:\/\/www.comunicatur.info\/es\/la-normativa-catalana-de-viviendas-turisticas-se-modificara\/\">La normativa catalana de viviendas tur\u00edsticas se modificar\u00e1<\/a><\/p><\/blockquote>\n<p><iframe class=\"wp-embedded-content\" sandbox=\"allow-scripts\" security=\"restricted\" style=\"position: absolute; clip: rect(1px, 1px, 1px, 1px);\" title=\"&#8220;La normativa catalana de viviendas tur\u00edsticas se modificar\u00e1&#8221; &#8212; Comunicatur\" src=\"https:\/\/www.comunicatur.info\/es\/la-normativa-catalana-de-viviendas-turisticas-se-modificara\/embed\/#?secret=OsPehW2jDF#?secret=PJmXTFPTmJ\" data-secret=\"PJmXTFPTmJ\" width=\"500\" height=\"282\" frameborder=\"0\" marginwidth=\"0\" marginheight=\"0\" scrolling=\"no\"><\/iframe><\/p>\n","protected":false},"excerpt":{"rendered":"<p>Coincidiendo con el inicio de las vacaciones de Semana Santa, la Asociaci\u00f3n Tur\u00edstica de Apartamentos Costa Brava-Pirineu de Girona (ATA) ha iniciado una campa\u00f1a dirigida a los turistas para concienciarlos de como les afectar\u00e1 la nueva regulaci\u00f3n del Gobierno de la Generalitat de Catalunya sobre las viviendas de uso tur\u00edstico (VUT) que fue aprobada por &hellip;<\/p>\n","protected":false},"author":408,"featured_media":22334,"comment_status":"closed","ping_status":"open","sticky":false,"template":"","format":"standard","meta":[],"categories":[59],"tags":[],"_links":{"self":[{"href":"https:\/\/www.comunicatur.info\/es\/wp-json\/wp\/v2\/posts\/24745"}],"collection":[{"href":"https:\/\/www.comunicatur.info\/es\/wp-json\/wp\/v2\/posts"}],"about":[{"href":"https:\/\/www.comunicatur.info\/es\/wp-json\/wp\/v2\/types\/post"}],"author":[{"embeddable":true,"href":"https:\/\/www.comunicatur.info\/es\/wp-json\/wp\/v2\/users\/408"}],"replies":[{"embeddable":true,"href":"https:\/\/www.comunicatur.info\/es\/wp-json\/wp\/v2\/comments?post=24745"}],"version-history":[{"count":4,"href":"https:\/\/www.comunicatur.info\/es\/wp-json\/wp\/v2\/posts\/24745\/revisions"}],"predecessor-version":[{"id":24751,"href":"https:\/\/www.comunicatur.info\/es\/wp-json\/wp\/v2\/posts\/24745\/revisions\/24751"}],"wp:featuredmedia":[{"embeddable":true,"href":"https:\/\/www.comunicatur.info\/es\/wp-json\/wp\/v2\/media\/22334"}],"wp:attachment":[{"href":"https:\/\/www.comunicatur.info\/es\/wp-json\/wp\/v2\/media?parent=24745"}],"wp:term":[{"taxonomy":"category","embeddable":true,"href":"https:\/\/www.comunicatur.info\/es\/wp-json\/wp\/v2\/categories?post=24745"},{"taxonomy":"post_tag","embeddable":true,"href":"https:\/\/www.comunicatur.info\/es\/wp-json\/wp\/v2\/tags?post=24745"}],"curies":[{"name":"wp","href":"https:\/\/api.w.org\/{rel}","templated":true}]}}