{"id":24719,"date":"2024-03-20T00:19:07","date_gmt":"2024-03-19T22:19:07","guid":{"rendered":"https:\/\/www.comunicatur.info\/?p=24719"},"modified":"2024-03-20T00:19:07","modified_gmt":"2024-03-19T22:19:07","slug":"las-reservas-hoteleras-para-semana-santa-crecen-en-las-comarcas-de-barcelona","status":"publish","type":"post","link":"https:\/\/www.comunicatur.info\/es\/las-reservas-hoteleras-para-semana-santa-crecen-en-las-comarcas-de-barcelona\/","title":{"rendered":"Las reservas hoteleras para Semana Santa crecen en las comarcas de Barcelona"},"content":{"rendered":"<p>El Observatorio del Turismo a Barcelona ciudad y regi\u00f3n ha presentado el estudio<strong> \u201cPerspectivas de actividad tur\u00edstica en el Destino Barcelona \u2013 Especial Semana Santa 2024\u201d.<\/strong><\/p>\n<p>El informe hace referencia a los datos a diecis\u00e9is d\u00edas del fin de semana del Domingo de Ramos, d\u00eda de inicio del per\u00edodo, que se alarga hasta el Lunes de Pascua. <strong>Las principales conclusiones del estudio, en cuanto a Barcelona regi\u00f3n (las comarcas de la provincia sin Barcelona ciudad), son las siguientes: <\/strong><\/p>\n<ul>\n<li>Aumento de la antelaci\u00f3n de las reservas. La media es de 71,1 d\u00edas (once m\u00e1s que el 2023).<\/li>\n<li>Estancia media: 2,8 noches (inferior al a\u00f1o pasado, que fue de 4,2 noches).<\/li>\n<li>Pico de entrada: Viernes Santo.<\/li>\n<li>Tarifa media diaria hotelera: 148,1 euros (-2% respecto el 2023).<\/li>\n<li>El mercado dom\u00e9stico gana peso y llega al 60,3% de las reservas (47,9% el 2023), lo que explica tambi\u00e9n la reducci\u00f3n de la estancia media.<\/li>\n<li>El 57% ser\u00e1 en pareja; el 16,8% viaja solo; 13,45 en familia y 12,8% en grupo.<\/li>\n<\/ul>\n<p><strong>Estas buenas previsiones no son las mismas para Barcelona ciudad<\/strong>, puesto que el mismo estudio indica que el nivel de reservas en la ciudad es inferior (55,8% frente al 62,2% del a\u00f1o pasado).<br \/>\nPero la estancia media, a pesar de ser inferior a la del 2023, llega a las 4,2 noches. Como en las comarcas de la provincia, en la ciudad de Barcelona tambi\u00e9n son predominantes las reservas dom\u00e9sticas, incluso por encima de las del a\u00f1o pasado.<\/p>\n<p><strong>La comparativa de la estancia media de otras ciudades europeas sit\u00faa la ciudad y Barcelona regi\u00f3n por debajo de la media de otras.<\/strong> Viena encabeza el ranking con 5,4 noches, seguida de Berl\u00edn (4,7), Barcelona ciudad (4,2), Par\u00eds (3,9), Madrid (3,9), \u00c1msterdam (3,8), Londres (3,8), Roma (3,3) y Barcelona regi\u00f3n (2,8).<\/p>\n<p>Tambi\u00e9n hay que destacar que <strong>el Destino Barcelona se ha situado en el 8\u00ba lugar del ranking de destinos internacionales en las b\u00fasquedas de alojamiento en Google<\/strong> <strong>en el \u00faltimo mes<\/strong>; esto significa 4 posiciones por encima del mismo per\u00edodo del a\u00f1o pasado. <strong>Seg\u00fan los datos del Laboratorio de Turismo (LABturisme) de la Diputaci\u00f3n de Barcelona, las consultas m\u00e1s populares en Google del \u00faltimo trimestre se han concentrado en poblaciones costeras <\/strong><strong>como Sitges, Castelldefels, Garraf, Cubelles o Canet de Mar.<\/strong><\/p>\n<p>Pod\u00e9is ver el estudio \u201cPerspectivas\u201d <a href=\"https:\/\/www.observatoriturisme.barcelona\/sites\/default\/files\/240307_Perspectives%20Setmana%20Santa.pdf\" target=\"_blank\" rel=\"noopener\"><strong>AQU\u00cd<\/strong>.<\/a><\/p>\n<p style=\"text-align: right;\"><em>En colaboraci\u00f3n con la Diputaci\u00f3n de Barcelona<\/em><\/p>\n","protected":false},"excerpt":{"rendered":"<p>El Observatorio del Turismo a Barcelona ciudad y regi\u00f3n ha presentado el estudio \u201cPerspectivas de actividad tur\u00edstica en el Destino Barcelona \u2013 Especial Semana Santa 2024\u201d. El informe hace referencia a los datos a diecis\u00e9is d\u00edas del fin de semana del Domingo de Ramos, d\u00eda de inicio del per\u00edodo, que se alarga hasta el Lunes &hellip;<\/p>\n","protected":false},"author":408,"featured_media":24711,"comment_status":"closed","ping_status":"open","sticky":false,"template":"","format":"standard","meta":[],"categories":[74],"tags":[],"_links":{"self":[{"href":"https:\/\/www.comunicatur.info\/es\/wp-json\/wp\/v2\/posts\/24719"}],"collection":[{"href":"https:\/\/www.comunicatur.info\/es\/wp-json\/wp\/v2\/posts"}],"about":[{"href":"https:\/\/www.comunicatur.info\/es\/wp-json\/wp\/v2\/types\/post"}],"author":[{"embeddable":true,"href":"https:\/\/www.comunicatur.info\/es\/wp-json\/wp\/v2\/users\/408"}],"replies":[{"embeddable":true,"href":"https:\/\/www.comunicatur.info\/es\/wp-json\/wp\/v2\/comments?post=24719"}],"version-history":[{"count":2,"href":"https:\/\/www.comunicatur.info\/es\/wp-json\/wp\/v2\/posts\/24719\/revisions"}],"predecessor-version":[{"id":24721,"href":"https:\/\/www.comunicatur.info\/es\/wp-json\/wp\/v2\/posts\/24719\/revisions\/24721"}],"wp:featuredmedia":[{"embeddable":true,"href":"https:\/\/www.comunicatur.info\/es\/wp-json\/wp\/v2\/media\/24711"}],"wp:attachment":[{"href":"https:\/\/www.comunicatur.info\/es\/wp-json\/wp\/v2\/media?parent=24719"}],"wp:term":[{"taxonomy":"category","embeddable":true,"href":"https:\/\/www.comunicatur.info\/es\/wp-json\/wp\/v2\/categories?post=24719"},{"taxonomy":"post_tag","embeddable":true,"href":"https:\/\/www.comunicatur.info\/es\/wp-json\/wp\/v2\/tags?post=24719"}],"curies":[{"name":"wp","href":"https:\/\/api.w.org\/{rel}","templated":true}]}}