{"id":24616,"date":"2024-03-07T00:09:09","date_gmt":"2024-03-06T22:09:09","guid":{"rendered":"https:\/\/www.comunicatur.info\/?p=24616"},"modified":"2025-03-14T18:02:22","modified_gmt":"2025-03-14T16:02:22","slug":"europa-legisla-para-que-las-plataformas-de-alquiler-turistico-sean-trasparentes","status":"publish","type":"post","link":"https:\/\/www.comunicatur.info\/es\/europa-legisla-para-que-las-plataformas-de-alquiler-turistico-sean-trasparentes\/","title":{"rendered":"Europa legisla para que las plataformas de alquiler tur\u00edstico sean trasparentes"},"content":{"rendered":"<p>El Parlamento Europeo quiere imponer normas comunes para que las plataformas digitales de alquileres de corta duraci\u00f3n, los dedicados al turismo, cumplan con las administraciones locales compartiendo informaci\u00f3n que les permita combatir la oferta ilegal.<\/p>\n<p>En la Uni\u00f3n Europea, <strong>1 de cada 4 alojamientos tur\u00edsticos proceden del alquiler de corta duraci\u00f3n<\/strong>. Tal magnitud ha forzado al Parlamento a impulsar la trasparencia de esta actividad. As\u00ed, <strong>plataformas como Airbnb deber\u00e1n introducir datos de los anuncios y de la actividad que realizan sus \u201canfitriones\u201d para que las administraciones locales puedan supervisarlos<\/strong>. Se crear\u00e1 un punto \u00fanico digital de introducci\u00f3n de datos de recogida mensual.<\/p>\n<p>El Ayuntamiento de Barcelona ha sido de los primeros en celebrar el nuevo reglamento europeo. Considera que ser\u00e1 muy positivo para controlar la oferta ilegal de pisos tur\u00edsticos. El ayuntamiento asegura que <strong><em>\u201cobliga a las plataformas a compartir la informaci\u00f3n y a retirar los anuncios de aquellas viviendas que no se ajusten\u201d.<\/em><\/strong><\/p>\n<p>Mientras, una de los mayores afectados por la normativa europea, Airbnb, ha querido lanzar un mensaje positivo. <strong>Opina que ahora las normas ser\u00e1n m\u00e1s claras y sencillas de seguir en toda la UE<\/strong>. La directora de pol\u00edticas p\u00fablicas de Airbnb ha declarado: <strong><em>\u201cLas normas de la UE marcan el comienzo de un nuevo cap\u00edtulo para los alquileres de corta duraci\u00f3n en Europa. Por primera vez, la hoja de ruta es clara, lo que beneficia a los anfitriones, a las autoridades y a la oferta tur\u00edstica europea para los viajeros. Estamos dispuestos a trabajar con los Estados miembros y las autoridades locales en la aplicaci\u00f3n de las normas para garantizar que sean un \u00e9xito para todos.\u201d<\/em><\/strong><\/p>\n<p>El texto aprobado por el Parlamento se publicar\u00e1 en el Diario Oficial de la UE y a\u00fan tardar\u00e1 un par de a\u00f1os en aplicarse, pero es un primer paso.<\/p>\n<p><a href=\"https:\/\/www.europarl.europa.eu\/news\/es\/press-room\/20240223IPR18094\/nuevas-normas-para-mejorar-la-transparencia-en-los-alquileres-de-corta-duracion\" target=\"_blank\" rel=\"noopener\">Nuevas normas para mejorar la transparencia en los alquileres de corta duraci\u00f3n | Parlamento Europeo (europa.eu)<\/a><\/p>\n","protected":false},"excerpt":{"rendered":"<p>El Parlamento Europeo quiere imponer normas comunes para que las plataformas digitales de alquileres de corta duraci\u00f3n, los dedicados al turismo, cumplan con las administraciones locales compartiendo informaci\u00f3n que les permita combatir la oferta ilegal. En la Uni\u00f3n Europea, 1 de cada 4 alojamientos tur\u00edsticos proceden del alquiler de corta duraci\u00f3n. Tal magnitud ha forzado &hellip;<\/p>\n","protected":false},"author":408,"featured_media":24614,"comment_status":"closed","ping_status":"open","sticky":false,"template":"","format":"standard","meta":[],"categories":[66,59,64],"tags":[],"_links":{"self":[{"href":"https:\/\/www.comunicatur.info\/es\/wp-json\/wp\/v2\/posts\/24616"}],"collection":[{"href":"https:\/\/www.comunicatur.info\/es\/wp-json\/wp\/v2\/posts"}],"about":[{"href":"https:\/\/www.comunicatur.info\/es\/wp-json\/wp\/v2\/types\/post"}],"author":[{"embeddable":true,"href":"https:\/\/www.comunicatur.info\/es\/wp-json\/wp\/v2\/users\/408"}],"replies":[{"embeddable":true,"href":"https:\/\/www.comunicatur.info\/es\/wp-json\/wp\/v2\/comments?post=24616"}],"version-history":[{"count":2,"href":"https:\/\/www.comunicatur.info\/es\/wp-json\/wp\/v2\/posts\/24616\/revisions"}],"predecessor-version":[{"id":24618,"href":"https:\/\/www.comunicatur.info\/es\/wp-json\/wp\/v2\/posts\/24616\/revisions\/24618"}],"wp:featuredmedia":[{"embeddable":true,"href":"https:\/\/www.comunicatur.info\/es\/wp-json\/wp\/v2\/media\/24614"}],"wp:attachment":[{"href":"https:\/\/www.comunicatur.info\/es\/wp-json\/wp\/v2\/media?parent=24616"}],"wp:term":[{"taxonomy":"category","embeddable":true,"href":"https:\/\/www.comunicatur.info\/es\/wp-json\/wp\/v2\/categories?post=24616"},{"taxonomy":"post_tag","embeddable":true,"href":"https:\/\/www.comunicatur.info\/es\/wp-json\/wp\/v2\/tags?post=24616"}],"curies":[{"name":"wp","href":"https:\/\/api.w.org\/{rel}","templated":true}]}}