{"id":24594,"date":"2024-03-05T00:00:48","date_gmt":"2024-03-04T22:00:48","guid":{"rendered":"https:\/\/www.comunicatur.info\/?p=24594"},"modified":"2024-03-04T19:47:52","modified_gmt":"2024-03-04T17:47:52","slug":"sevilla-imita-al-park-guell-en-cobrar-entradas-a-los-turistas","status":"publish","type":"post","link":"https:\/\/www.comunicatur.info\/es\/sevilla-imita-al-park-guell-en-cobrar-entradas-a-los-turistas\/","title":{"rendered":"Sevilla imita al Park G\u00fcell en cobrar entradas a los turistas"},"content":{"rendered":"<p>El Ayuntamiento de Sevilla estudia poner una entrada para acceder a la Plaza de Espa\u00f1a, uno de los principales espacios tur\u00edsticos de la ciudad. Sigue los pasos del Ayuntamiento de Barcelona que ya instaur\u00f3 un sistema similar en el Park G\u00fcell, donde los turistas deben pagar por entrar.<\/p>\n<p>Eso s\u00ed, el consistorio quiere que los empadronados en Sevilla y quienes han nacido en la ciudad y provincia tengan el acceso gratuito. Con la recaudaci\u00f3n propone financiar la vigilancia 24 horas de la plaza y la conservaci\u00f3n de los edificios y mantenimiento de un espacio catalogado como Bien de Inter\u00e9s Cultural (BIC).<\/p>\n<p>Al tratarse de un espacio monumental compartido con Patrimonio del Estado el ayuntamiento ha puesto sobre la mesa esta opci\u00f3n: cerrar la plaza a los turistas y gestionar los ingresos de forma conjunta -25% para el Estado y 75% para el ayuntamiento-. El precio de la entrada todav\u00eda no se ha comentado pero la intenci\u00f3n del consistorio no es que sea disuasoria, no quiere asustar a los turistas, sino que generen unos ingresos. Los coches de caballos, tan t\u00edpicos de la ciudad, podr\u00e1n acceder como hasta ahora dentro de sus habituales rutas tur\u00edsticas. El sector hotelero y las agencias de viajes se han manifestado ya en contra de la medida, as\u00ed como la oposici\u00f3n pol\u00edtica municipal.<\/p>\n<p>La Plaza de Espa\u00f1a es, junto a la catedral, uno de los atractivos tur\u00edsticos m\u00e1s emblem\u00e1ticos. Recientemente fue punto neur\u00e1lgico con motivo de la gala de los Latin Grammy, tambi\u00e9n ha sido escenario de pel\u00edculas como Lawrence de Arabia o Stars Wars II.<\/p>\n<blockquote class=\"wp-embedded-content\" data-secret=\"kuZlgYrMo8\"><p><a href=\"https:\/\/www.comunicatur.info\/es\/barcelona-cobrara-als-turistes-per-accedir-al-park-guell-2\/\">Barcelona cobrar\u00e1 entrada a los turistas en el parque G\u00fcell<\/a><\/p><\/blockquote>\n<p><iframe class=\"wp-embedded-content\" sandbox=\"allow-scripts\" security=\"restricted\" style=\"position: absolute; clip: rect(1px, 1px, 1px, 1px);\" title=\"&#8220;Barcelona cobrar\u00e1 entrada a los turistas en el parque G\u00fcell&#8221; &#8212; Comunicatur\" src=\"https:\/\/www.comunicatur.info\/es\/barcelona-cobrara-als-turistes-per-accedir-al-park-guell-2\/embed\/#?secret=wrog3d19Ij#?secret=kuZlgYrMo8\" data-secret=\"kuZlgYrMo8\" width=\"500\" height=\"282\" frameborder=\"0\" marginwidth=\"0\" marginheight=\"0\" scrolling=\"no\"><\/iframe><\/p>\n<blockquote class=\"wp-embedded-content\" data-secret=\"szhKVDYPJL\"><p><a href=\"https:\/\/www.comunicatur.info\/es\/las-restricciones-del-park-guell-reducen-un-75-los-visitantes\/\">Las restricciones del Park G\u00fcell reducen un 75% los visitantes<\/a><\/p><\/blockquote>\n<p><iframe class=\"wp-embedded-content\" sandbox=\"allow-scripts\" security=\"restricted\" style=\"position: absolute; clip: rect(1px, 1px, 1px, 1px);\" title=\"&#8220;Las restricciones del Park G\u00fcell reducen un 75% los visitantes&#8221; &#8212; Comunicatur\" src=\"https:\/\/www.comunicatur.info\/es\/las-restricciones-del-park-guell-reducen-un-75-los-visitantes\/embed\/#?secret=D2kfzUZ1Z4#?secret=szhKVDYPJL\" data-secret=\"szhKVDYPJL\" width=\"500\" height=\"282\" frameborder=\"0\" marginwidth=\"0\" marginheight=\"0\" scrolling=\"no\"><\/iframe><\/p>\n","protected":false},"excerpt":{"rendered":"<p>El Ayuntamiento de Sevilla estudia poner una entrada para acceder a la Plaza de Espa\u00f1a, uno de los principales espacios tur\u00edsticos de la ciudad. Sigue los pasos del Ayuntamiento de Barcelona que ya instaur\u00f3 un sistema similar en el Park G\u00fcell, donde los turistas deben pagar por entrar. Eso s\u00ed, el consistorio quiere que los &hellip;<\/p>\n","protected":false},"author":408,"featured_media":24590,"comment_status":"closed","ping_status":"open","sticky":false,"template":"","format":"standard","meta":[],"categories":[62],"tags":[],"_links":{"self":[{"href":"https:\/\/www.comunicatur.info\/es\/wp-json\/wp\/v2\/posts\/24594"}],"collection":[{"href":"https:\/\/www.comunicatur.info\/es\/wp-json\/wp\/v2\/posts"}],"about":[{"href":"https:\/\/www.comunicatur.info\/es\/wp-json\/wp\/v2\/types\/post"}],"author":[{"embeddable":true,"href":"https:\/\/www.comunicatur.info\/es\/wp-json\/wp\/v2\/users\/408"}],"replies":[{"embeddable":true,"href":"https:\/\/www.comunicatur.info\/es\/wp-json\/wp\/v2\/comments?post=24594"}],"version-history":[{"count":2,"href":"https:\/\/www.comunicatur.info\/es\/wp-json\/wp\/v2\/posts\/24594\/revisions"}],"predecessor-version":[{"id":24597,"href":"https:\/\/www.comunicatur.info\/es\/wp-json\/wp\/v2\/posts\/24594\/revisions\/24597"}],"wp:featuredmedia":[{"embeddable":true,"href":"https:\/\/www.comunicatur.info\/es\/wp-json\/wp\/v2\/media\/24590"}],"wp:attachment":[{"href":"https:\/\/www.comunicatur.info\/es\/wp-json\/wp\/v2\/media?parent=24594"}],"wp:term":[{"taxonomy":"category","embeddable":true,"href":"https:\/\/www.comunicatur.info\/es\/wp-json\/wp\/v2\/categories?post=24594"},{"taxonomy":"post_tag","embeddable":true,"href":"https:\/\/www.comunicatur.info\/es\/wp-json\/wp\/v2\/tags?post=24594"}],"curies":[{"name":"wp","href":"https:\/\/api.w.org\/{rel}","templated":true}]}}