{"id":24584,"date":"2024-03-04T00:00:15","date_gmt":"2024-03-03T22:00:15","guid":{"rendered":"https:\/\/www.comunicatur.info\/?p=24584"},"modified":"2024-03-03T21:25:59","modified_gmt":"2024-03-03T19:25:59","slug":"no-hay-dos-sin-tres-nuevo-golpe-a-la-normativa-catalana-de-pisos-turisticos","status":"publish","type":"post","link":"https:\/\/www.comunicatur.info\/es\/no-hay-dos-sin-tres-nuevo-golpe-a-la-normativa-catalana-de-pisos-turisticos\/","title":{"rendered":"No hay dos sin tres: Nuevo golpe a la normativa catalana de pisos tur\u00edsticos"},"content":{"rendered":"<p><strong>Todo son malas noticias para el decreto ley de la Generalidad de Catalu\u00f1a que pretende limitar las viviendas de uso tur\u00edstico (VUT) en beneficio del alquiler residencial.<\/strong> La Comisi\u00f3n Europea (CE), como ya hicieron la Autoridad Catalana de la Competencia (ACCO) y la Comisi\u00f3n Nacional de los Mercados y de la Competencia (CNMC), ha sido la que ahora interpela al Gobierno de Espa\u00f1a para que d\u00e9 explicaciones sobre esta normativa de \u00e1mbito regional.<\/p>\n<blockquote><p>Limitar las viviendas tur\u00edsticas no resuelve la falta de pisos de alquiler<\/p><\/blockquote>\n<p>La CE no ve claro que con una regulaci\u00f3n restrictiva como la que quiere aplicar Catalu\u00f1a se solucione el problema de la falta de vivienda. Halla la norma <strong><em>\u201cdesproporcionada\u201d<\/em><\/strong> y <strong><em>\u201cno adecuada\u201d<\/em><\/strong>. Europa se suma a las cr\u00edticas de la ACCO y la CNMC. Los servicios de <strong>la CE cuestionan el rigor de los informes que han llevado a la Generalitat a decidir los umbrales m\u00e1ximos de VUTs en los municipios<\/strong> (10 licencias por cada 100 habitantes) y los municipios afectados (140). De hecho, la Comisi\u00f3n Europea opina que la norma s\u00f3lo responder\u00eda a las necesidades de la ciudad de Barcelona y no al conjunto de Catalu\u00f1a.<\/p>\n<p>Adem\u00e1s, la CE opina que <strong>las restricciones establecidas en Catalu\u00f1a son contrarias a cuatro art\u00edculos de la directiva europea de Servicios.<\/strong> El decreto ley est\u00e1 recurrido ante el Tribunal Constitucional. Super\u00f3 la convalidaci\u00f3n del Parlament de Catalunya y ahora est\u00e1 pendiente de pasar por la tramitaci\u00f3n como proyecto de ley. En ese punto podr\u00edan introducirse modificaciones.<\/p>\n<blockquote class=\"wp-embedded-content\" data-secret=\"sNwAYVPBSO\"><p><a href=\"https:\/\/www.comunicatur.info\/es\/la-cnmc-asesta-un-nuevo-varapalo-a-la-ley-de-viviendas-turisticas-en-cataluna\/\">La CNMC asesta un nuevo varapalo a la ley de viviendas tur\u00edsticas en Catalu\u00f1a<\/a><\/p><\/blockquote>\n<p><iframe class=\"wp-embedded-content\" sandbox=\"allow-scripts\" security=\"restricted\" style=\"position: absolute; clip: rect(1px, 1px, 1px, 1px);\" title=\"&#8220;La CNMC asesta un nuevo varapalo a la ley de viviendas tur\u00edsticas en Catalu\u00f1a&#8221; &#8212; Comunicatur\" src=\"https:\/\/www.comunicatur.info\/es\/la-cnmc-asesta-un-nuevo-varapalo-a-la-ley-de-viviendas-turisticas-en-cataluna\/embed\/#?secret=mt7fvjcUXb#?secret=sNwAYVPBSO\" data-secret=\"sNwAYVPBSO\" width=\"500\" height=\"282\" frameborder=\"0\" marginwidth=\"0\" marginheight=\"0\" scrolling=\"no\"><\/iframe><\/p>\n<blockquote class=\"wp-embedded-content\" data-secret=\"EpHgbjfxBH\"><p><a href=\"https:\/\/www.comunicatur.info\/es\/mas-problemas-para-la-nueva-regulacion-catalana-de-pisos-turisticos\/\">M\u00e1s problemas para la nueva regulaci\u00f3n catalana de pisos tur\u00edsticos<\/a><\/p><\/blockquote>\n<p><iframe class=\"wp-embedded-content\" sandbox=\"allow-scripts\" security=\"restricted\" style=\"position: absolute; clip: rect(1px, 1px, 1px, 1px);\" title=\"&#8220;M\u00e1s problemas para la nueva regulaci\u00f3n catalana de pisos tur\u00edsticos&#8221; &#8212; Comunicatur\" src=\"https:\/\/www.comunicatur.info\/es\/mas-problemas-para-la-nueva-regulacion-catalana-de-pisos-turisticos\/embed\/#?secret=6vFeOrZdkh#?secret=EpHgbjfxBH\" data-secret=\"EpHgbjfxBH\" width=\"500\" height=\"282\" frameborder=\"0\" marginwidth=\"0\" marginheight=\"0\" scrolling=\"no\"><\/iframe><\/p>\n","protected":false},"excerpt":{"rendered":"<p>Todo son malas noticias para el decreto ley de la Generalidad de Catalu\u00f1a que pretende limitar las viviendas de uso tur\u00edstico (VUT) en beneficio del alquiler residencial. La Comisi\u00f3n Europea (CE), como ya hicieron la Autoridad Catalana de la Competencia (ACCO) y la Comisi\u00f3n Nacional de los Mercados y de la Competencia (CNMC), ha sido &hellip;<\/p>\n","protected":false},"author":408,"featured_media":24580,"comment_status":"closed","ping_status":"open","sticky":false,"template":"","format":"standard","meta":[],"categories":[59],"tags":[],"_links":{"self":[{"href":"https:\/\/www.comunicatur.info\/es\/wp-json\/wp\/v2\/posts\/24584"}],"collection":[{"href":"https:\/\/www.comunicatur.info\/es\/wp-json\/wp\/v2\/posts"}],"about":[{"href":"https:\/\/www.comunicatur.info\/es\/wp-json\/wp\/v2\/types\/post"}],"author":[{"embeddable":true,"href":"https:\/\/www.comunicatur.info\/es\/wp-json\/wp\/v2\/users\/408"}],"replies":[{"embeddable":true,"href":"https:\/\/www.comunicatur.info\/es\/wp-json\/wp\/v2\/comments?post=24584"}],"version-history":[{"count":1,"href":"https:\/\/www.comunicatur.info\/es\/wp-json\/wp\/v2\/posts\/24584\/revisions"}],"predecessor-version":[{"id":24585,"href":"https:\/\/www.comunicatur.info\/es\/wp-json\/wp\/v2\/posts\/24584\/revisions\/24585"}],"wp:featuredmedia":[{"embeddable":true,"href":"https:\/\/www.comunicatur.info\/es\/wp-json\/wp\/v2\/media\/24580"}],"wp:attachment":[{"href":"https:\/\/www.comunicatur.info\/es\/wp-json\/wp\/v2\/media?parent=24584"}],"wp:term":[{"taxonomy":"category","embeddable":true,"href":"https:\/\/www.comunicatur.info\/es\/wp-json\/wp\/v2\/categories?post=24584"},{"taxonomy":"post_tag","embeddable":true,"href":"https:\/\/www.comunicatur.info\/es\/wp-json\/wp\/v2\/tags?post=24584"}],"curies":[{"name":"wp","href":"https:\/\/api.w.org\/{rel}","templated":true}]}}