{"id":24568,"date":"2024-02-29T00:00:25","date_gmt":"2024-02-28T22:00:25","guid":{"rendered":"https:\/\/www.comunicatur.info\/?p=24568"},"modified":"2024-02-28T20:33:51","modified_gmt":"2024-02-28T18:33:51","slug":"el-impacto-economico-del-turismo-en-el-destino-barcelona-fue-de-12-418-millones-de-euros-el-2023","status":"publish","type":"post","link":"https:\/\/www.comunicatur.info\/es\/el-impacto-economico-del-turismo-en-el-destino-barcelona-fue-de-12-418-millones-de-euros-el-2023\/","title":{"rendered":"El impacto econ\u00f3mico del turismo en el Destino Barcelona fue de 12.418 millones de euros el 2023"},"content":{"rendered":"<p><strong>El Observatorio del Turismo en Barcelona: ciudad y regi\u00f3n<\/strong>, integrado por la Diputaci\u00f3n de Barcelona, el Ayuntamiento, la C\u00e1mara de Comercio y el consorcio Turismo de Barcelona ha dado a conocer <strong>la estimaci\u00f3n de los datos tur\u00edsticos del a\u00f1o 2023 del Destino Barcelona, que engloba ciudad y comarcas.<\/strong> Los resumimos a continuaci\u00f3n:<\/p>\n<p>\u2022 26 millones de turistas, entendiendo como tal persones no residentes. (+12,3% respecto al a\u00f1o anterior).<br \/>\n\u2022 De estos, 10,3 millones se alojaron en Barcelona regi\u00f3n (+7,1%).<br \/>\n\u2022 99 millones de pernoctaciones (en cualquiera de las tipolog\u00edas, incluyendo los alojamientos no tur\u00edsticos, como por ejemplo las casas de familiares y amigos).<br \/>\n\u2022 De estas, 37,7 millones corresponden a Barcelona regi\u00f3n (+2,4%).<br \/>\n\u2022 Impacto econ\u00f3mico directo total: 12.418 millones de euros (21% m\u00e1s que el 2022 i m\u00e1s del triple que el 2021).<br \/>\nIncluye el gasto en alojamiento y durante la estancia (comidas, entretenimiento, compras, transporte interno, etc.).<br \/>\n\u2022 El impacto econ\u00f3mico en las comarcas de Barcelona lleg\u00f3 a los 2.274 millones de euros (+5,8%).<\/p>\n<p>Estos datos del turismo en el Destino Barcelona del a\u00f1o 2023 cumplen las previsiones y su impacto econ\u00f3mico certifica la importancia del sector. Para la diputada de Turismo de la Diputaci\u00f3n de Barcelona, <strong>Abigail Garrido<\/strong>, <strong><em>\u201clos datos muestran el peso que tiene el turismo dentro de la econom\u00eda de la provincia y la importancia de cuidarlo por ser un sector estrat\u00e9gico en crecimiento\u201d.<\/em><\/strong><\/p>\n<p>La Diputaci\u00f3n de Barcelona hace tiempo que intenta que los turistas descubran tambi\u00e9n las posibilidades que ofrecen las distintas comarcas de la provincia y por eso se hace hincapi\u00e9 en el equilibrio necesario. En este sentido, <strong>Garrido<\/strong> record\u00f3 que <strong><em>\u201ctrabajamos para promover en la provincia de Barcelona un turismo sostenible que garantice el equilibrio entre el crecimiento econ\u00f3mico local que muestran estos datos y la protecci\u00f3n de los recursos naturales y culturales, haciendo del Destino Barcelona un referente de turismo sostenible y respetuoso con el entorno desde el punto de vista medioambiental, pero tambi\u00e9n sociocultural y econ\u00f3mico\u201d.<\/em><\/strong><\/p>\n<p style=\"text-align: right;\"><em>\u00a0<\/em><em>En colaboraci\u00f3n con la Diputaci\u00f3n de Barcelona<\/em><\/p>\n","protected":false},"excerpt":{"rendered":"<p>El Observatorio del Turismo en Barcelona: ciudad y regi\u00f3n, integrado por la Diputaci\u00f3n de Barcelona, el Ayuntamiento, la C\u00e1mara de Comercio y el consorcio Turismo de Barcelona ha dado a conocer la estimaci\u00f3n de los datos tur\u00edsticos del a\u00f1o 2023 del Destino Barcelona, que engloba ciudad y comarcas. Los resumimos a continuaci\u00f3n: \u2022 26 millones &hellip;<\/p>\n","protected":false},"author":408,"featured_media":24565,"comment_status":"closed","ping_status":"open","sticky":false,"template":"","format":"standard","meta":[],"categories":[74],"tags":[],"_links":{"self":[{"href":"https:\/\/www.comunicatur.info\/es\/wp-json\/wp\/v2\/posts\/24568"}],"collection":[{"href":"https:\/\/www.comunicatur.info\/es\/wp-json\/wp\/v2\/posts"}],"about":[{"href":"https:\/\/www.comunicatur.info\/es\/wp-json\/wp\/v2\/types\/post"}],"author":[{"embeddable":true,"href":"https:\/\/www.comunicatur.info\/es\/wp-json\/wp\/v2\/users\/408"}],"replies":[{"embeddable":true,"href":"https:\/\/www.comunicatur.info\/es\/wp-json\/wp\/v2\/comments?post=24568"}],"version-history":[{"count":1,"href":"https:\/\/www.comunicatur.info\/es\/wp-json\/wp\/v2\/posts\/24568\/revisions"}],"predecessor-version":[{"id":24569,"href":"https:\/\/www.comunicatur.info\/es\/wp-json\/wp\/v2\/posts\/24568\/revisions\/24569"}],"wp:featuredmedia":[{"embeddable":true,"href":"https:\/\/www.comunicatur.info\/es\/wp-json\/wp\/v2\/media\/24565"}],"wp:attachment":[{"href":"https:\/\/www.comunicatur.info\/es\/wp-json\/wp\/v2\/media?parent=24568"}],"wp:term":[{"taxonomy":"category","embeddable":true,"href":"https:\/\/www.comunicatur.info\/es\/wp-json\/wp\/v2\/categories?post=24568"},{"taxonomy":"post_tag","embeddable":true,"href":"https:\/\/www.comunicatur.info\/es\/wp-json\/wp\/v2\/tags?post=24568"}],"curies":[{"name":"wp","href":"https:\/\/api.w.org\/{rel}","templated":true}]}}