{"id":24520,"date":"2024-02-22T00:00:17","date_gmt":"2024-02-21T22:00:17","guid":{"rendered":"https:\/\/www.comunicatur.info\/?p=24520"},"modified":"2024-02-21T17:18:54","modified_gmt":"2024-02-21T15:18:54","slug":"la-jornada-trabajo-en-el-turismo-reune-a-1-500-personas-en-la-costa-daurada","status":"publish","type":"post","link":"https:\/\/www.comunicatur.info\/es\/la-jornada-trabajo-en-el-turismo-reune-a-1-500-personas-en-la-costa-daurada\/","title":{"rendered":"La jornada Trabajo en el Turismo re\u00fane a 1.500 personas en la Costa Daurada"},"content":{"rendered":"<p>La Federaci\u00f3n Empresarial de Hosteler\u00eda y Turismo de la provincia de Tarragona (FEHT) y la C\u00e1mara de Comercio de Reus han logrado <strong>poner en contacto a una cuarentena de empresas tur\u00edsticas de la Costa Daurada con 1.500 personas aspirantes a trabajar en el sector<\/strong>.<\/p>\n<p>La 6\u00aa Jornada <strong>&#8216;Trabaja en el Turismo&#8217;<\/strong> se ha celebrado en <strong>firaReus<\/strong> con la colaboraci\u00f3n del Servicio P\u00fablico de Empleo de Catalu\u00f1a. En la Costa Daurada el sector del turismo es uno de los pilares de la econom\u00eda y el que da m\u00e1s posibilidades laborales, seg\u00fan ha apuntado el presidente de la C\u00e1mara de Comercio de Reus, Mario Basora.<\/p>\n<p><img class=\"alignright size-medium wp-image-24516\" src=\"https:\/\/www.comunicatur.info\/wp-content\/uploads\/2024\/02\/FEHT-FiraREUS_MICE_salo-300x169.jpg\" alt=\"\" width=\"300\" height=\"169\" srcset=\"https:\/\/www.comunicatur.info\/wp-content\/uploads\/2024\/02\/FEHT-FiraREUS_MICE_salo-300x169.jpg 300w, https:\/\/www.comunicatur.info\/wp-content\/uploads\/2024\/02\/FEHT-FiraREUS_MICE_salo-1024x576.jpg 1024w, https:\/\/www.comunicatur.info\/wp-content\/uploads\/2024\/02\/FEHT-FiraREUS_MICE_salo-768x432.jpg 768w, https:\/\/www.comunicatur.info\/wp-content\/uploads\/2024\/02\/FEHT-FiraREUS_MICE_salo-600x338.jpg 600w, https:\/\/www.comunicatur.info\/wp-content\/uploads\/2024\/02\/FEHT-FiraREUS_MICE_salo-390x220.jpg 390w, https:\/\/www.comunicatur.info\/wp-content\/uploads\/2024\/02\/FEHT-FiraREUS_MICE_salo.jpg 1536w\" sizes=\"(max-width: 300px) 100vw, 300px\" \/>La presidenta de la FEHT, Berta Cabr\u00e9, ha mostrado su satisfacci\u00f3n al <strong><em>\u00abcomprobar c\u00f3mo tanta gente tiene inter\u00e9s en trabajar en nuestro sector\u00bb.<\/em><\/strong> Cabr\u00e9 ha recordado que <strong><em>\u00abactualmente, el 90% de nuestras plantillas tienen contrato fijo\u00bb.<\/em><\/strong><\/p>\n<p>Seg\u00fan explica la FEHT, el perfil del demandante de empleo en el sector tur\u00edstico es muy diverso, <strong><em>\u201chan asistido, tanto estudiantes que quieren un trabajo para la temporada estival, como tambi\u00e9n personas de todas las edades en paro y en situaci\u00f3n de b\u00fasqueda de trabajo.\u201d <\/em><\/strong>Los oficios m\u00e1s demandados en la jornada <strong>&#8216;Trabaja en el Turismo&#8217;<\/strong> son: camarero\/camarera de pisos, personal de mantenimiento, recepcionista, animadores y todos aquellos relacionados con la restauraci\u00f3n, como camareros o cocineros.<\/p>\n","protected":false},"excerpt":{"rendered":"<p>La Federaci\u00f3n Empresarial de Hosteler\u00eda y Turismo de la provincia de Tarragona (FEHT) y la C\u00e1mara de Comercio de Reus han logrado poner en contacto a una cuarentena de empresas tur\u00edsticas de la Costa Daurada con 1.500 personas aspirantes a trabajar en el sector. La 6\u00aa Jornada &#8216;Trabaja en el Turismo&#8217; se ha celebrado en &hellip;<\/p>\n","protected":false},"author":408,"featured_media":24514,"comment_status":"closed","ping_status":"open","sticky":false,"template":"","format":"standard","meta":[],"categories":[63],"tags":[],"_links":{"self":[{"href":"https:\/\/www.comunicatur.info\/es\/wp-json\/wp\/v2\/posts\/24520"}],"collection":[{"href":"https:\/\/www.comunicatur.info\/es\/wp-json\/wp\/v2\/posts"}],"about":[{"href":"https:\/\/www.comunicatur.info\/es\/wp-json\/wp\/v2\/types\/post"}],"author":[{"embeddable":true,"href":"https:\/\/www.comunicatur.info\/es\/wp-json\/wp\/v2\/users\/408"}],"replies":[{"embeddable":true,"href":"https:\/\/www.comunicatur.info\/es\/wp-json\/wp\/v2\/comments?post=24520"}],"version-history":[{"count":2,"href":"https:\/\/www.comunicatur.info\/es\/wp-json\/wp\/v2\/posts\/24520\/revisions"}],"predecessor-version":[{"id":24522,"href":"https:\/\/www.comunicatur.info\/es\/wp-json\/wp\/v2\/posts\/24520\/revisions\/24522"}],"wp:featuredmedia":[{"embeddable":true,"href":"https:\/\/www.comunicatur.info\/es\/wp-json\/wp\/v2\/media\/24514"}],"wp:attachment":[{"href":"https:\/\/www.comunicatur.info\/es\/wp-json\/wp\/v2\/media?parent=24520"}],"wp:term":[{"taxonomy":"category","embeddable":true,"href":"https:\/\/www.comunicatur.info\/es\/wp-json\/wp\/v2\/categories?post=24520"},{"taxonomy":"post_tag","embeddable":true,"href":"https:\/\/www.comunicatur.info\/es\/wp-json\/wp\/v2\/tags?post=24520"}],"curies":[{"name":"wp","href":"https:\/\/api.w.org\/{rel}","templated":true}]}}