{"id":2443,"date":"2010-07-07T00:00:00","date_gmt":"2010-07-07T00:00:00","guid":{"rendered":"https:\/\/comunicatur.info\/obert-el-debat-sobre-una-taxa-turistica-a-barcelona-i-catalunya-2\/"},"modified":"2010-07-07T00:00:00","modified_gmt":"2010-07-07T00:00:00","slug":"obert-el-debat-sobre-una-taxa-turistica-a-barcelona-i-catalunya-2","status":"publish","type":"post","link":"https:\/\/www.comunicatur.info\/es\/obert-el-debat-sobre-una-taxa-turistica-a-barcelona-i-catalunya-2\/","title":{"rendered":"Abierto el debate sobre una tasa tur\u00edstica en Barcelona y Catalu\u00f1a"},"content":{"rendered":"<p>El presidente de Turismo de Barcelona, el hotelero Joan Gaspart, ha propuesto la creaci\u00f3n de una tasa al turista que permita financiar campa\u00f1as de promoci\u00f3n que compensen el recorte presupuestario de las administraciones en este cap\u00edtulo. El cobro de un euro por turista y estancia tiene una complicaci\u00f3n t\u00e9cnica muy elevada, de dif\u00edcil o casi nula aplicaci\u00f3n a corto o medio plazo. <\/p>\n<p>Pese a las dificultades t\u00e9cnicas para materializarla, este debate c\u00edclico de la tasa se ha abierto con posicionamientos bien diferentes. El alcalde de Barcelona, Jordi Hereu, est\u00e1 a favor y la Generalitat no lo ve mal si hay consenso entre el sector llegando a proponer que se pueda extrapolar al conjunto de Catalu\u00f1a. En contra se han posicionado pr\u00e1cticamente todos los representantes del sector privado. Un planteamiento como este, hecho justo al inicio de la temporada de verano y coincidiendo con la subida del IVA, no ha ca\u00eddo demasiado bien entre los empresarios del alojamiento de la Ciudad Condal y del resto de marcas tur\u00edsticas. <\/p>\n<p>Un euro por cliente independientemente de la duraci\u00f3n de la estancia, seg\u00fan el presidente de Turismo de Barcelona, no debe tener un gran impacto sobre la competitividad del sector y permitir\u00eda recaudar entre 15 y 20 millones de euros anuales. Un dinero que Gaspart destinar\u00eda \u00edntegramente a promoci\u00f3n mediante un organismo coparticipado por los propios empresarios encargados de recaudarlo y la administraci\u00f3n. Pero esta finalidad promocional no es compartida por los pol\u00edticos, que creen que se deber\u00eda destinar tambi\u00e9n a otras cuestiones derivadas de la \u201ccarga\u201d que supone el turismo sobre las ciudades. <\/p>\n<p>Si finalmente se llegara a un acuerdo del sector sobre la bondad de esta medida y se clarificara la finalidad de la recaudaci\u00f3n, faltar\u00eda que el Gobierno Espa\u00f1ol creara un impuesto municipal -probablemente de aplicaci\u00f3n en toda Espa\u00f1a- que permitiera su cobro por parte de los municipios. <\/p>\n<p>Cualquiera de las formas jur\u00eddicas que se pudieran estudiar para implementarlo comportar\u00eda tiempo de aplicaci\u00f3n. Globo sonda o brindis al sol, en cualquier de los casos, Joan Gaspart ha mostrado su alto grado de influencia al marcar la agenda pol\u00edtico-tur\u00edstica de la ciudad y del pa\u00eds.<\/p>\n","protected":false},"excerpt":{"rendered":"<p>El presidente de Turismo de Barcelona, el hotelero Joan Gaspart, ha propuesto la creaci\u00f3n de una tasa al turista que permita financiar campa\u00f1as de promoci\u00f3n que compensen el recorte presupuestario de las administraciones en este cap\u00edtulo. El cobro de un euro por turista y estancia tiene una complicaci\u00f3n t\u00e9cnica muy elevada, de dif\u00edcil o casi nula aplicaci\u00f3n a corto o medio plazo. <\/p>\n","protected":false},"author":1,"featured_media":0,"comment_status":"close","ping_status":"open","sticky":false,"template":"","format":"standard","meta":[],"categories":[19],"tags":[],"_links":{"self":[{"href":"https:\/\/www.comunicatur.info\/es\/wp-json\/wp\/v2\/posts\/2443"}],"collection":[{"href":"https:\/\/www.comunicatur.info\/es\/wp-json\/wp\/v2\/posts"}],"about":[{"href":"https:\/\/www.comunicatur.info\/es\/wp-json\/wp\/v2\/types\/post"}],"author":[{"embeddable":true,"href":"https:\/\/www.comunicatur.info\/es\/wp-json\/wp\/v2\/users\/1"}],"replies":[{"embeddable":true,"href":"https:\/\/www.comunicatur.info\/es\/wp-json\/wp\/v2\/comments?post=2443"}],"version-history":[{"count":0,"href":"https:\/\/www.comunicatur.info\/es\/wp-json\/wp\/v2\/posts\/2443\/revisions"}],"wp:attachment":[{"href":"https:\/\/www.comunicatur.info\/es\/wp-json\/wp\/v2\/media?parent=2443"}],"wp:term":[{"taxonomy":"category","embeddable":true,"href":"https:\/\/www.comunicatur.info\/es\/wp-json\/wp\/v2\/categories?post=2443"},{"taxonomy":"post_tag","embeddable":true,"href":"https:\/\/www.comunicatur.info\/es\/wp-json\/wp\/v2\/tags?post=2443"}],"curies":[{"name":"wp","href":"https:\/\/api.w.org\/{rel}","templated":true}]}}