{"id":24382,"date":"2024-02-06T00:00:01","date_gmt":"2024-02-05T22:00:01","guid":{"rendered":"https:\/\/www.comunicatur.info\/?p=24382"},"modified":"2024-02-06T10:14:47","modified_gmt":"2024-02-06T08:14:47","slug":"preocupacion-del-sector-turistico-catalan-por-la-sequia","status":"publish","type":"post","link":"https:\/\/www.comunicatur.info\/es\/preocupacion-del-sector-turistico-catalan-por-la-sequia\/","title":{"rendered":"Preocupaci\u00f3n del sector tur\u00edstico catal\u00e1n por la sequ\u00eda"},"content":{"rendered":"<p><strong>El presidente del Gremio de Hoteles de Barcelona, Jordi Clos<\/strong>, ha sido el primero en manifestar su preocupaci\u00f3n por una posible reducci\u00f3n del turismo por culpa de las restricciones que se est\u00e1n imponiendo por la situaci\u00f3n de sequ\u00eda.<\/p>\n<p>La imagen que se est\u00e1 trasladando a nivel internacional sobre la sequ\u00eda en Catalu\u00f1a preocupa en general a todo el sector del turismo. Tambi\u00e9n las medidas que se focalizan en los turistas para reducir su consumo. Con la entrada en emergencia este mes de febrero se han aplicado limitaciones en el volumen de consumo de agua por persona\/turista y d\u00eda y en la prohibici\u00f3n de llenar piscinas, entre otras. <strong>El consejero catal\u00e1n de Acci\u00f3n Clim\u00e1tica, David Mascort<\/strong>, ha asegurado en una entrevista al diario ARA que actuar\u00e1 ante quienes sobrepasen los l\u00edmites y no cumplan con las medidas. Las multas ascienden a 3.000 euros. Mascort: <strong><em>\u00abse puede llegar a cerrar el grifo de un hotel que sobrepase los l\u00edmites\u00bb.<\/em><\/strong><\/p>\n<figure id=\"attachment_24373\" aria-describedby=\"caption-attachment-24373\" style=\"width: 300px\" class=\"wp-caption alignright\"><img class=\"wp-image-24373 size-medium\" src=\"https:\/\/www.comunicatur.info\/wp-content\/uploads\/2024\/02\/sequera_Panta_Sau2024-300x214.jpg\" alt=\"\" width=\"300\" height=\"214\" srcset=\"https:\/\/www.comunicatur.info\/wp-content\/uploads\/2024\/02\/sequera_Panta_Sau2024-300x214.jpg 300w, https:\/\/www.comunicatur.info\/wp-content\/uploads\/2024\/02\/sequera_Panta_Sau2024-600x427.jpg 600w, https:\/\/www.comunicatur.info\/wp-content\/uploads\/2024\/02\/sequera_Panta_Sau2024.jpg 626w\" sizes=\"(max-width: 300px) 100vw, 300px\" \/><figcaption id=\"caption-attachment-24373\" class=\"wp-caption-text\">Pantano de Sau. Febrero de 2024<\/figcaption><\/figure>\n<p>Por parte de la administraci\u00f3n, han sido el <strong>Ministro Jordi Hereu<\/strong> y el alcalde de Barcelona, <strong>Jaume Collboni<\/strong>, quienes minimizan el riesgo y dicen que el futuro del turismo ser\u00e1 positivo y que s\u00f3lo se trata de un esfuerzo de adaptaci\u00f3n a la situaci\u00f3n. Hereu ha pedido no hacer alarmismo por lo que pueda ocurrir, pero la realidad es que la imagen internacional no es positiva y las consecuencias, por ahora, se desconocen.<\/p>\n<p>Ante la falta de agua en Barcelona <strong>ya se baraja la llegada de barcos para abastecer a la ciudad<\/strong>. Una imagen que Hereu, que fue alcalde durante la sequ\u00eda del 2008, recuerda bien. Tanto \u00e9l como el actual alcalde, critican que la Generalitat, responsable del suministro de agua a los ciudadanos, no haya realizado la previsi\u00f3n adecuada para no llegar a esta situaci\u00f3n como s\u00ed han hecho otros destinos.<\/p>\n<p>Por si acaso, desde <strong>la patronal catalana PIMEC Turisme<\/strong> ya piden a la Generalitat que piense en <strong>articular Expedientes Temporales de Empleo similar a los ocurridos durante la pandemia<\/strong> por si la actividad cae dr\u00e1sticamente. Ahora ya est\u00e1n afectados todos los negocios vinculados al agua, como balnearios, hoteles spa&#8230;<\/p>\n<p>Ya en el mes de abril <a href=\"https:\/\/www.comunicatur.info\/es\/la-sequia-en-cataluna-afecta-al-turismo\/\" target=\"_blank\" rel=\"noopener\">explic\u00e1bamos en Comunicatur que la sequ\u00eda afectaba al turismo de Catalu\u00f1a<\/a>. La situaci\u00f3n excepcional que se viv\u00eda era preocupante. Y en el mes de mayo de 2023, tambi\u00e9n <a href=\"https:\/\/www.comunicatur.info\/es\/los-efectos-de-la-sequia-y-las-restricciones-preocupan-al-turismo\/\" target=\"_blank\" rel=\"noopener\">public\u00e1bamos c\u00f3mo los efectos de la sequ\u00eda y las restricciones alertaban al mundo del turismo<\/a>. Un a\u00f1o despu\u00e9s la preocupaci\u00f3n sigue y se incrementa.<\/p>\n<blockquote class=\"twitter-tweet\">\n<p lang=\"ca\" dir=\"ltr\">\u25b6 <a href=\"https:\/\/twitter.com\/hashtag\/President?src=hash&amp;ref_src=twsrc%5Etfw\" target=\"_blank\" rel=\"noopener\">#President<\/a> @\u200cperearagones: &quot;Catalunya est\u00e0 patint la pitjor sequera del darrer segle. Arrosseguem m\u00e9s de tres anys en qu\u00e8 no plou com el pa\u00eds necessita, per\u00f2 durant tot aquest temps s&#39;ha estat actuant&quot;. <a href=\"https:\/\/t.co\/pZERx4mV1m\" target=\"_blank\">pic.twitter.com\/pZERx4mV1m<\/a><\/p>\n<p>&mdash; Govern de Catalunya (@govern) <a href=\"https:\/\/twitter.com\/govern\/status\/1753019665939304522?ref_src=twsrc%5Etfw\" target=\"_blank\" rel=\"noopener\">February 1, 2024<\/a><\/p><\/blockquote>\n<p> <script async src=\"https:\/\/platform.twitter.com\/widgets.js\" charset=\"utf-8\"><\/script><\/p>\n<blockquote class=\"wp-embedded-content\" data-secret=\"kS1wYUm0YN\"><p><a href=\"https:\/\/www.comunicatur.info\/es\/cataluna-decretara-una-moratoria-turistica-por-la-sequia\/\">Catalu\u00f1a decretar\u00e1 una moratoria tur\u00edstica por la sequ\u00eda<\/a><\/p><\/blockquote>\n<p><iframe class=\"wp-embedded-content\" sandbox=\"allow-scripts\" security=\"restricted\" style=\"position: absolute; clip: rect(1px, 1px, 1px, 1px);\" title=\"&#8220;Catalu\u00f1a decretar\u00e1 una moratoria tur\u00edstica por la sequ\u00eda&#8221; &#8212; Comunicatur\" src=\"https:\/\/www.comunicatur.info\/es\/cataluna-decretara-una-moratoria-turistica-por-la-sequia\/embed\/#?secret=ppVPCbev9c#?secret=kS1wYUm0YN\" data-secret=\"kS1wYUm0YN\" width=\"500\" height=\"282\" frameborder=\"0\" marginwidth=\"0\" marginheight=\"0\" scrolling=\"no\"><\/iframe><\/p>\n<blockquote class=\"wp-embedded-content\" data-secret=\"DtPszs36vb\"><p><a href=\"https:\/\/www.comunicatur.info\/es\/los-efectos-de-la-sequia-y-las-restricciones-preocupan-al-turismo\/\">Los efectos de la sequ\u00eda y las restricciones preocupan al turismo<\/a><\/p><\/blockquote>\n<p><iframe class=\"wp-embedded-content\" sandbox=\"allow-scripts\" security=\"restricted\" style=\"position: absolute; clip: rect(1px, 1px, 1px, 1px);\" title=\"&#8220;Los efectos de la sequ\u00eda y las restricciones preocupan al turismo&#8221; &#8212; Comunicatur\" src=\"https:\/\/www.comunicatur.info\/es\/los-efectos-de-la-sequia-y-las-restricciones-preocupan-al-turismo\/embed\/#?secret=hLPABW0RSo#?secret=DtPszs36vb\" data-secret=\"DtPszs36vb\" width=\"500\" height=\"282\" frameborder=\"0\" marginwidth=\"0\" marginheight=\"0\" scrolling=\"no\"><\/iframe><\/p>\n<blockquote class=\"wp-embedded-content\" data-secret=\"d2Hp7wVOtG\"><p><a href=\"https:\/\/www.comunicatur.info\/es\/la-sequia-en-cataluna-afecta-al-turismo\/\">La sequ\u00eda en Catalu\u00f1a afecta al turismo<\/a><\/p><\/blockquote>\n<p><iframe class=\"wp-embedded-content\" sandbox=\"allow-scripts\" security=\"restricted\" style=\"position: absolute; clip: rect(1px, 1px, 1px, 1px);\" title=\"&#8220;La sequ\u00eda en Catalu\u00f1a afecta al turismo&#8221; &#8212; Comunicatur\" src=\"https:\/\/www.comunicatur.info\/es\/la-sequia-en-cataluna-afecta-al-turismo\/embed\/#?secret=Sqok0ZecGh#?secret=d2Hp7wVOtG\" data-secret=\"d2Hp7wVOtG\" width=\"500\" height=\"282\" frameborder=\"0\" marginwidth=\"0\" marginheight=\"0\" scrolling=\"no\"><\/iframe><\/p>\n","protected":false},"excerpt":{"rendered":"<p>El presidente del Gremio de Hoteles de Barcelona, Jordi Clos, ha sido el primero en manifestar su preocupaci\u00f3n por una posible reducci\u00f3n del turismo por culpa de las restricciones que se est\u00e1n imponiendo por la situaci\u00f3n de sequ\u00eda. La imagen que se est\u00e1 trasladando a nivel internacional sobre la sequ\u00eda en Catalu\u00f1a preocupa en general &hellip;<\/p>\n","protected":false},"author":408,"featured_media":24376,"comment_status":"closed","ping_status":"open","sticky":false,"template":"","format":"standard","meta":[],"categories":[62],"tags":[],"_links":{"self":[{"href":"https:\/\/www.comunicatur.info\/es\/wp-json\/wp\/v2\/posts\/24382"}],"collection":[{"href":"https:\/\/www.comunicatur.info\/es\/wp-json\/wp\/v2\/posts"}],"about":[{"href":"https:\/\/www.comunicatur.info\/es\/wp-json\/wp\/v2\/types\/post"}],"author":[{"embeddable":true,"href":"https:\/\/www.comunicatur.info\/es\/wp-json\/wp\/v2\/users\/408"}],"replies":[{"embeddable":true,"href":"https:\/\/www.comunicatur.info\/es\/wp-json\/wp\/v2\/comments?post=24382"}],"version-history":[{"count":3,"href":"https:\/\/www.comunicatur.info\/es\/wp-json\/wp\/v2\/posts\/24382\/revisions"}],"predecessor-version":[{"id":24406,"href":"https:\/\/www.comunicatur.info\/es\/wp-json\/wp\/v2\/posts\/24382\/revisions\/24406"}],"wp:featuredmedia":[{"embeddable":true,"href":"https:\/\/www.comunicatur.info\/es\/wp-json\/wp\/v2\/media\/24376"}],"wp:attachment":[{"href":"https:\/\/www.comunicatur.info\/es\/wp-json\/wp\/v2\/media?parent=24382"}],"wp:term":[{"taxonomy":"category","embeddable":true,"href":"https:\/\/www.comunicatur.info\/es\/wp-json\/wp\/v2\/categories?post=24382"},{"taxonomy":"post_tag","embeddable":true,"href":"https:\/\/www.comunicatur.info\/es\/wp-json\/wp\/v2\/tags?post=24382"}],"curies":[{"name":"wp","href":"https:\/\/api.w.org\/{rel}","templated":true}]}}