{"id":24305,"date":"2024-01-26T00:55:38","date_gmt":"2024-01-25T22:55:38","guid":{"rendered":"https:\/\/www.comunicatur.info\/?p=24305"},"modified":"2025-03-14T17:52:18","modified_gmt":"2025-03-14T15:52:18","slug":"el-gasto-del-turismo-extranjero-crece-un-27-en-cataluna","status":"publish","type":"post","link":"https:\/\/www.comunicatur.info\/es\/el-gasto-del-turismo-extranjero-crece-un-27-en-cataluna\/","title":{"rendered":"El gasto del turismo extranjero crece un 27% en Catalu\u00f1a"},"content":{"rendered":"<p>Catalu\u00f1a ha liderado las llegadas de turistas internacionales en el conjunto de Espa\u00f1a. Concentra un 20% del total de turistas extranjeros en todo el pa\u00eds.<\/p>\n<p>El mercado franc\u00e9s sigue liderando las llegadas de visitantes extranjeros con 3,8 millones de turistas. La proximidad para llegar en veh\u00edculo propio a Catalu\u00f1a le sit\u00faa en esta posici\u00f3n. Los brit\u00e1nicos se han desinflado algo respecto a lo habitual. Del Reino Unido llegan 2 millones, por debajo de las cifras de 2019. Desde Turismo de la Generalitat creen que <strong><em>\u00abel motivo es la situaci\u00f3n econ\u00f3mica del pa\u00eds y las fluctuaciones de cambio de moneda\u00bb.<\/em><\/strong> Como mercado extracomunitario los turistas estadounidenses encabezan el ranking.<\/p>\n<blockquote><p>El a\u00f1o de consolidaci\u00f3n de la recuperaci\u00f3n del turismo en Catalu\u00f1a<\/p><\/blockquote>\n<p>Uno de los indicadores m\u00e1s importantes en los balances es el impacto econ\u00f3mico que deja este turismo. En este sentido, el gasto tur\u00edstico de los visitantes internacionales ha aumentado respecto al del per\u00edodo anterior de forma significativa: 16.659 millones de euros en 2022 y 21.200 millones de euros en 2023, es decir, un 27% m\u00e1s. Tambi\u00e9n el gasto medio por persona en Catalu\u00f1a ha crecido respecto al 2022 y sobrepasa la cifra hist\u00f3rica del a\u00f1o 2019.<\/p>\n<p>El secretario de Empresa y Competitividad, Albert Castellanos, ha valorado estos datos de forma positiva y se ha referido <strong><em>\u201cal esfuerzo que est\u00e1 realizando el sector tur\u00edstico para distribuir las llegadas a lo largo de todo el a\u00f1o. Esto es posible gracias a un cambio en el comportamiento de la oferta, m\u00e1s comprometida con la desestacionalizaci\u00f3n\u201d<\/em><\/strong>. As\u00ed pues, ha explicado que se ponen en el mercado un 7% m\u00e1s de plazas de alojamiento que a\u00f1os anteriores en los meses de octubre, noviembre y diciembre y que el turismo en las comarcas de interior ha ganado volumen de turistas respecto a la costa, pasando del 13,5% en 2019 al 15% en 2023 del volumen de turismo.<\/p>\n","protected":false},"excerpt":{"rendered":"<p>Catalu\u00f1a ha liderado las llegadas de turistas internacionales en el conjunto de Espa\u00f1a. Concentra un 20% del total de turistas extranjeros en todo el pa\u00eds. El mercado franc\u00e9s sigue liderando las llegadas de visitantes extranjeros con 3,8 millones de turistas. La proximidad para llegar en veh\u00edculo propio a Catalu\u00f1a le sit\u00faa en esta posici\u00f3n. Los &hellip;<\/p>\n","protected":false},"author":408,"featured_media":24303,"comment_status":"closed","ping_status":"open","sticky":false,"template":"","format":"standard","meta":[],"categories":[74,64],"tags":[],"_links":{"self":[{"href":"https:\/\/www.comunicatur.info\/es\/wp-json\/wp\/v2\/posts\/24305"}],"collection":[{"href":"https:\/\/www.comunicatur.info\/es\/wp-json\/wp\/v2\/posts"}],"about":[{"href":"https:\/\/www.comunicatur.info\/es\/wp-json\/wp\/v2\/types\/post"}],"author":[{"embeddable":true,"href":"https:\/\/www.comunicatur.info\/es\/wp-json\/wp\/v2\/users\/408"}],"replies":[{"embeddable":true,"href":"https:\/\/www.comunicatur.info\/es\/wp-json\/wp\/v2\/comments?post=24305"}],"version-history":[{"count":1,"href":"https:\/\/www.comunicatur.info\/es\/wp-json\/wp\/v2\/posts\/24305\/revisions"}],"predecessor-version":[{"id":24306,"href":"https:\/\/www.comunicatur.info\/es\/wp-json\/wp\/v2\/posts\/24305\/revisions\/24306"}],"wp:featuredmedia":[{"embeddable":true,"href":"https:\/\/www.comunicatur.info\/es\/wp-json\/wp\/v2\/media\/24303"}],"wp:attachment":[{"href":"https:\/\/www.comunicatur.info\/es\/wp-json\/wp\/v2\/media?parent=24305"}],"wp:term":[{"taxonomy":"category","embeddable":true,"href":"https:\/\/www.comunicatur.info\/es\/wp-json\/wp\/v2\/categories?post=24305"},{"taxonomy":"post_tag","embeddable":true,"href":"https:\/\/www.comunicatur.info\/es\/wp-json\/wp\/v2\/tags?post=24305"}],"curies":[{"name":"wp","href":"https:\/\/api.w.org\/{rel}","templated":true}]}}