{"id":24297,"date":"2024-01-25T01:21:09","date_gmt":"2024-01-24T23:21:09","guid":{"rendered":"https:\/\/www.comunicatur.info\/?p=24297"},"modified":"2024-01-25T01:21:09","modified_gmt":"2024-01-24T23:21:09","slug":"un-fitur-exultante-en-sintonia-con-la-euforia-del-sector-turistico","status":"publish","type":"post","link":"https:\/\/www.comunicatur.info\/es\/un-fitur-exultante-en-sintonia-con-la-euforia-del-sector-turistico\/","title":{"rendered":"Un Fitur exultante en sinton\u00eda con la euforia del sector tur\u00edstico"},"content":{"rendered":"<p>Los resultados del sector tur\u00edstico han sido excelentes. Nadie se acuerda de los a\u00f1os de pandemia que conden\u00f3 al turismo a una crisis nunca vivida. 2023 ha recuperado totalmente la actividad con resultados hist\u00f3ricos y 2024 pinta todav\u00eda mejor.<\/p>\n<p><img class=\"alignright size-medium wp-image-24295\" src=\"https:\/\/www.comunicatur.info\/wp-content\/uploads\/2024\/01\/Entrada-FITUR24-300x225.jpg\" alt=\"\" width=\"300\" height=\"225\" srcset=\"https:\/\/www.comunicatur.info\/wp-content\/uploads\/2024\/01\/Entrada-FITUR24-300x225.jpg 300w, https:\/\/www.comunicatur.info\/wp-content\/uploads\/2024\/01\/Entrada-FITUR24-1024x768.jpg 1024w, https:\/\/www.comunicatur.info\/wp-content\/uploads\/2024\/01\/Entrada-FITUR24-768x576.jpg 768w, https:\/\/www.comunicatur.info\/wp-content\/uploads\/2024\/01\/Entrada-FITUR24-600x450.jpg 600w, https:\/\/www.comunicatur.info\/wp-content\/uploads\/2024\/01\/Entrada-FITUR24-1536x1152.jpg 1536w, https:\/\/www.comunicatur.info\/wp-content\/uploads\/2024\/01\/Entrada-FITUR24.jpg 1600w\" sizes=\"(max-width: 300px) 100vw, 300px\" \/>Si <strong>Fitur es un term\u00f3metro de la salud de la industria<\/strong>, el turismo se encuentra en su mejor momento. La primera feria tur\u00edstica del mundo en n\u00famero de visitantes cerrar\u00e1 su 44 edici\u00f3n con una afluencia de 250.000 personas. El primer d\u00eda de Fitur <strong>el n\u00famero de profesionales que han asistido ha sido espectacular<\/strong>. No se recuerda una avalancha tan grande en a\u00f1os. La organizaci\u00f3n ya anunci\u00f3 que esta edici\u00f3n era de r\u00e9cord con 9.000 empresas participantes y m\u00e1s de 150 pa\u00edses.<\/p>\n<p><strong>En Espa\u00f1a, el sector tur\u00edstico doblar\u00e1 el crecimiento del conjunto de la econom\u00eda<\/strong>. Lo anunci\u00f3 el presidente de CaixaBank en el foro Exceltur celebrado el d\u00eda previo a Fitur. Los c\u00e1lculos de la entidad es que la velocidad de crecimiento sea realmente importante. Este dato contrasta con <strong>la baja consideraci\u00f3n que se tiene hacia el turismo<\/strong> en los c\u00f3nclaves econ\u00f3micos.<\/p>\n<p>Muchas grandes <strong>corporaciones vinculadas a la industria de los viajes ya han devuelto los cr\u00e9ditos y ayudas<\/strong> que recibieron para superar la pesadilla provocada por la covid y esto no lo pueden decir todos.<\/p>\n","protected":false},"excerpt":{"rendered":"<p>Los resultados del sector tur\u00edstico han sido excelentes. Nadie se acuerda de los a\u00f1os de pandemia que conden\u00f3 al turismo a una crisis nunca vivida. 2023 ha recuperado totalmente la actividad con resultados hist\u00f3ricos y 2024 pinta todav\u00eda mejor. Si Fitur es un term\u00f3metro de la salud de la industria, el turismo se encuentra en &hellip;<\/p>\n","protected":false},"author":408,"featured_media":24293,"comment_status":"closed","ping_status":"open","sticky":false,"template":"","format":"standard","meta":[],"categories":[63],"tags":[],"_links":{"self":[{"href":"https:\/\/www.comunicatur.info\/es\/wp-json\/wp\/v2\/posts\/24297"}],"collection":[{"href":"https:\/\/www.comunicatur.info\/es\/wp-json\/wp\/v2\/posts"}],"about":[{"href":"https:\/\/www.comunicatur.info\/es\/wp-json\/wp\/v2\/types\/post"}],"author":[{"embeddable":true,"href":"https:\/\/www.comunicatur.info\/es\/wp-json\/wp\/v2\/users\/408"}],"replies":[{"embeddable":true,"href":"https:\/\/www.comunicatur.info\/es\/wp-json\/wp\/v2\/comments?post=24297"}],"version-history":[{"count":2,"href":"https:\/\/www.comunicatur.info\/es\/wp-json\/wp\/v2\/posts\/24297\/revisions"}],"predecessor-version":[{"id":24299,"href":"https:\/\/www.comunicatur.info\/es\/wp-json\/wp\/v2\/posts\/24297\/revisions\/24299"}],"wp:featuredmedia":[{"embeddable":true,"href":"https:\/\/www.comunicatur.info\/es\/wp-json\/wp\/v2\/media\/24293"}],"wp:attachment":[{"href":"https:\/\/www.comunicatur.info\/es\/wp-json\/wp\/v2\/media?parent=24297"}],"wp:term":[{"taxonomy":"category","embeddable":true,"href":"https:\/\/www.comunicatur.info\/es\/wp-json\/wp\/v2\/categories?post=24297"},{"taxonomy":"post_tag","embeddable":true,"href":"https:\/\/www.comunicatur.info\/es\/wp-json\/wp\/v2\/tags?post=24297"}],"curies":[{"name":"wp","href":"https:\/\/api.w.org\/{rel}","templated":true}]}}