{"id":24274,"date":"2024-01-23T00:00:06","date_gmt":"2024-01-22T22:00:06","guid":{"rendered":"https:\/\/www.comunicatur.info\/?p=24274"},"modified":"2024-01-25T01:43:21","modified_gmt":"2024-01-24T23:43:21","slug":"la-formula-1-se-va-a-madrid-barcelona-no-tira-la-toalla","status":"publish","type":"post","link":"https:\/\/www.comunicatur.info\/es\/la-formula-1-se-va-a-madrid-barcelona-no-tira-la-toalla\/","title":{"rendered":"La F\u00f3rmula 1 se va a Madrid, Barcelona no tira la toalla"},"content":{"rendered":"<p>Finalmente se ha confirmado que la ciudad de Madrid acoger\u00e1 una prueba del campeonato mundial de F\u00f3rmula 1. La presidenta de la Comunidad de Madrid, Isabel D\u00edaz-Ayuso, ha anunciado lo que ya se iba vislumbrando: <strong>Madrid entra en el calendario de la F1.<\/strong><\/p>\n<p>Aunque el Govern catal\u00e1n afirma que sigue manteniendo negociaciones con los propietarios del circo mundial de la F1 la realidad es que no hay margen para dos grandes premios en Espa\u00f1a. <strong>El Circuit de Barcelona- Catalunya <\/strong>en Montmel\u00f3, que acoge la competici\u00f3n desde 1991, tiene garantizado por contrato tres grandes premios m\u00e1s, para las<strong> ediciones 2024,2025 y 2026<\/strong>. A partir de aqu\u00ed los expertos del negocio que mueve <em>Formula One World Championship Limited<\/em> lo tienen claro: <strong>el circo marchar\u00e1 con toda seguridad del Circuit.<\/strong><\/p>\n<blockquote><p><strong>Espa\u00f1a no podr\u00e1 acoger dos pruebas<\/strong><\/p><\/blockquote>\n<p>Negocio y espect\u00e1culo, por este orden, son las dos prioridades de <em>Liberty Media<\/em> propietaria de la F1. Madrid les ofrece con su propuesta las dos cosas: una gran cantidad de dinero por traerlo y un circuito semiurbano por las inmediaciones de la capital. Evidentemente Espa\u00f1a no es ni Estados Unidos ni Italia para contar con varias carreras en un calendario sobresaturado. Estados Unidos es un gigantesco mercado objetivo para la F1, por ello las pruebas en Las Vegas, Austin y Miami. Por su parte, Italia es la cuna de Ferrari y tambi\u00e9n de Stefano Domenicali que ostenta la presidencia de la F1. De aqu\u00ed los grandes premios de Monza y de \u00cdmola &#8211; Emilia Romagna, ciudad natal de Domenicali y territorio de la escuder\u00eda del <em>Cavallino Rampante<\/em>.<\/p>\n<figure id=\"attachment_24270\" aria-describedby=\"caption-attachment-24270\" style=\"width: 300px\" class=\"wp-caption alignright\"><img class=\"wp-image-24270 size-medium\" src=\"https:\/\/www.comunicatur.info\/wp-content\/uploads\/2024\/01\/Ayuso_Almeida-300x200.jpg\" alt=\"\" width=\"300\" height=\"200\" srcset=\"https:\/\/www.comunicatur.info\/wp-content\/uploads\/2024\/01\/Ayuso_Almeida-300x200.jpg 300w, https:\/\/www.comunicatur.info\/wp-content\/uploads\/2024\/01\/Ayuso_Almeida-1024x683.jpg 1024w, https:\/\/www.comunicatur.info\/wp-content\/uploads\/2024\/01\/Ayuso_Almeida-768x512.jpg 768w, https:\/\/www.comunicatur.info\/wp-content\/uploads\/2024\/01\/Ayuso_Almeida-600x400.jpg 600w, https:\/\/www.comunicatur.info\/wp-content\/uploads\/2024\/01\/Ayuso_Almeida-1536x1025.jpg 1536w, https:\/\/www.comunicatur.info\/wp-content\/uploads\/2024\/01\/Ayuso_Almeida.jpg 2048w\" sizes=\"(max-width: 300px) 100vw, 300px\" \/><figcaption id=\"caption-attachment-24270\" class=\"wp-caption-text\">Isabel D\u00edaz Ayuso &#8211; Jos\u00e9 Luis Mart\u00ednez-Almeida<\/figcaption><\/figure>\n<p>Ahora le tocar\u00e1 a Madrid beneficiarse de la proyecci\u00f3n internacional de este acontecimiento deportivo de escala global. El alcalde de la ciudad, Jos\u00e9 Luis Mart\u00ednez-Almeida, ha declarado antes de la presentaci\u00f3n p\u00fablica que <strong><em>\u201c<\/em><\/strong><strong><em>es una grand\u00edsima noticia para Madrid que demuestra la repercusi\u00f3n internacional que tiene la ciudad. Porque Madrid es ese lugar en el que hay que estar, Madrid es ese lugar al que se dirigen las miradas en el mundo.\u201d<\/em><\/strong><\/p>\n<p>El alcalde ha recordado que des del punto de vista econ\u00f3mico<strong> <em>\u201cel impacto es extraordinario con un retorno de aproximadamente de 500 millones de euros y de numeros\u00edsimas personas que vendr\u00e1n a conocer las bondades de la ciudad.\u201d<\/em><\/strong><\/p>\n<blockquote class=\"wp-embedded-content\" data-secret=\"Yt5JDxpFvq\"><p><a href=\"https:\/\/www.comunicatur.info\/es\/madrid-podria-tener-ligado-un-gran-premio-de-f1-para-2025\/\">Madrid podr\u00eda tener ligado un Gran Premio de F1 para 2025<\/a><\/p><\/blockquote>\n<p><iframe class=\"wp-embedded-content\" sandbox=\"allow-scripts\" security=\"restricted\" style=\"position: absolute; clip: rect(1px, 1px, 1px, 1px);\" title=\"&#8220;Madrid podr\u00eda tener ligado un Gran Premio de F1 para 2025&#8221; &#8212; Comunicatur\" src=\"https:\/\/www.comunicatur.info\/es\/madrid-podria-tener-ligado-un-gran-premio-de-f1-para-2025\/embed\/#?secret=dA09EIL7N3#?secret=Yt5JDxpFvq\" data-secret=\"Yt5JDxpFvq\" width=\"500\" height=\"282\" frameborder=\"0\" marginwidth=\"0\" marginheight=\"0\" scrolling=\"no\"><\/iframe><\/p>\n","protected":false},"excerpt":{"rendered":"<p>Finalmente se ha confirmado que la ciudad de Madrid acoger\u00e1 una prueba del campeonato mundial de F\u00f3rmula 1. La presidenta de la Comunidad de Madrid, Isabel D\u00edaz-Ayuso, ha anunciado lo que ya se iba vislumbrando: Madrid entra en el calendario de la F1. Aunque el Govern catal\u00e1n afirma que sigue manteniendo negociaciones con los propietarios &hellip;<\/p>\n","protected":false},"author":408,"featured_media":24262,"comment_status":"closed","ping_status":"open","sticky":false,"template":"","format":"standard","meta":[],"categories":[62],"tags":[],"_links":{"self":[{"href":"https:\/\/www.comunicatur.info\/es\/wp-json\/wp\/v2\/posts\/24274"}],"collection":[{"href":"https:\/\/www.comunicatur.info\/es\/wp-json\/wp\/v2\/posts"}],"about":[{"href":"https:\/\/www.comunicatur.info\/es\/wp-json\/wp\/v2\/types\/post"}],"author":[{"embeddable":true,"href":"https:\/\/www.comunicatur.info\/es\/wp-json\/wp\/v2\/users\/408"}],"replies":[{"embeddable":true,"href":"https:\/\/www.comunicatur.info\/es\/wp-json\/wp\/v2\/comments?post=24274"}],"version-history":[{"count":3,"href":"https:\/\/www.comunicatur.info\/es\/wp-json\/wp\/v2\/posts\/24274\/revisions"}],"predecessor-version":[{"id":24277,"href":"https:\/\/www.comunicatur.info\/es\/wp-json\/wp\/v2\/posts\/24274\/revisions\/24277"}],"wp:featuredmedia":[{"embeddable":true,"href":"https:\/\/www.comunicatur.info\/es\/wp-json\/wp\/v2\/media\/24262"}],"wp:attachment":[{"href":"https:\/\/www.comunicatur.info\/es\/wp-json\/wp\/v2\/media?parent=24274"}],"wp:term":[{"taxonomy":"category","embeddable":true,"href":"https:\/\/www.comunicatur.info\/es\/wp-json\/wp\/v2\/categories?post=24274"},{"taxonomy":"post_tag","embeddable":true,"href":"https:\/\/www.comunicatur.info\/es\/wp-json\/wp\/v2\/tags?post=24274"}],"curies":[{"name":"wp","href":"https:\/\/api.w.org\/{rel}","templated":true}]}}