{"id":2426,"date":"2010-07-13T00:00:00","date_gmt":"2010-07-13T00:00:00","guid":{"rendered":"https:\/\/comunicatur.info\/joan-puigcercos-president-derc-a-lesmorzar-col-loqui-comunicatur-info-acpet-4\/"},"modified":"2010-07-13T00:00:00","modified_gmt":"2010-07-13T00:00:00","slug":"joan-puigcercos-president-derc-a-lesmorzar-col-loqui-comunicatur-info-acpet-4","status":"publish","type":"post","link":"https:\/\/www.comunicatur.info\/es\/joan-puigcercos-president-derc-a-lesmorzar-col-loqui-comunicatur-info-acpet-4\/","title":{"rendered":"Coloquio con Joan Puigcerc\u00f3s, presidente de ERC"},"content":{"rendered":"<p>El pr&oacute;ximo 13 de julio a las 9:00 horas, el presidente de ERC, Artur Mas, participar&aacute; en el ciclo de encuentros entre el sector tur&iacute;stico y los l&iacute;deres de los partidos pol&iacute;ticos catalanes que organizan Comunicatur.info y la Asociaci&oacute;n Catalana de Profesionales Expertos en Turismo (ACPET-SCT) en el Hotel Gallery de Barcelona.<\/p>\n<p>Una iniciativa que crea un \u00e1mbito de debate entre los profesionales del sector y los responsables pol\u00edticos que permite analizar conjuntamente la situaci\u00f3n del turismo catal\u00e1n e intercambiar propuestas de actuaci\u00f3n con el objetivo de que los requerimientos y los retos de este sector formen parte de la agenda b\u00e1sica de los programas econ\u00f3micos de las fuerzas pol\u00edticas catalanas.<\/p>\n<p><strong>Desayuno&ndash; coloquio Comunicatur.info y ACPET-SCT <br \/>\nInvitado: Artur Mas, presidente de CiU <br \/>\n2 de julio a las 9:00 horas <br \/>\nHotel Gallery de Barcelona,<\/strong> Rossell&oacute;, 249<\/p>\n<p><em>Confirmaciones<\/em>: Debido al aforo limitado, debe confirmar su asistencia por correo electr\u00f3nico <a href=\"mailto:info@comunicatur.info?Subject=CONFIRMO%20ASISTENCIA%20COLOQUIO%20JOAN%20PUIGCERCOS\">info@comunicatur.info<\/a> o Telf. 93 436 18 36 &ndash; Anna Manyoses indicando nombre y apellido, email personal, empresa y\/o \u00e1mbito de actividad.<\/p>\n<p>&nbsp;<\/p>\n<p><em>Organizan:<\/em> <br \/>\n<img height=\"66\" alt=\"\" width=\"510\" usemap=\"#Map\" border=\"0\" longdesc=\"https:\/\/www.comunicatur.info\/cms\/images\/stories\/fotos\/1organitzadors1.jpg\" src=\"https:\/\/www.comunicatur.info\/cms\/images\/stories\/fotos\/1organitzadors1.jpg\" \/> <\/p>\n<map id=\"Map\" name=\"Map\">\n<area href=\"http:\/\/www.sct.cat\" coords=\"281,9,504,63\" shape=\"RECT\" \/>\n<area href=\"https:\/\/www.comunicatur.info\" coords=\"7,11,270,66\" shape=\"RECT\" \/><\/map>\n<\/p>\n<p>&nbsp;<\/p>\n<p><em>Patrocinan:<\/em><\/p>\n<p><img height=\"151\" alt=\"\" width=\"509\" usemap=\"#Map2\" border=\"0\" longdesc=\"https:\/\/www.comunicatur.info\/cms\/images\/stories\/fotos\/1sponsors1.jpg\" src=\"https:\/\/www.comunicatur.info\/cms\/images\/stories\/fotos\/1sponsors1.jpg\" \/> <\/p>\n<map id=\"Map2\" name=\"Map2\">\n<area href=\"http:\/\/www.avantgrup.com\" coords=\"3,2,231,66\" shape=\"RECT\" \/>\n<area href=\"http:\/\/www.unique.es\" coords=\"253,3,507,72\" shape=\"RECT\" \/>\n<area href=\"http:\/\/www.iberplan.es\" coords=\"3,78,247,144\" shape=\"RECT\" \/>\n<area href=\"http:\/\/www.galleryhotel.com\" coords=\"258,76,502,147\" shape=\"RECT\" \/><\/map>\n<\/p>\n<p><\/p>\n","protected":false},"excerpt":{"rendered":"<p>El pr&oacute;ximo 13 de julio a las 9:00 horas, el presidente de ERC, Artur Mas, participar&aacute; en el ciclo de encuentros entre el sector tur&iacute;stico y los l&iacute;deres de los partidos pol&iacute;ticos catalanes que organizan Comunicatur.info y la Asociaci&oacute;n Catalana de Profesionales Expertos en Turismo (ACPET-SCT) en el Hotel Gallery de Barcelona.<\/p>\n<p>Una iniciativa que crea un \u00e1mbito de debate entre los profesionales del sector y los responsables pol\u00edticos que permite analizar conjuntamente la situaci\u00f3n del turismo catal\u00e1n e intercambiar propuestas de actuaci\u00f3n con el objetivo de que los requerimientos y los retos de este sector formen parte de la agenda b\u00e1sica de los programas econ\u00f3micos de las fuerzas pol\u00edticas catalanas.<\/p>\n<p><strong>Desayuno&ndash; coloquio Comunicatur.info y ACPET-SCT <br \/>\nInvitado: Artur Mas, presidente de CiU <br \/>\n2 de julio a las 9:00 horas <br \/>\nHotel Gallery de Barcelona,<\/strong> Rossell&oacute;, 249<\/p>\n<p><em>Confirmaciones<\/em>: Debido al aforo limitado, debe confirmar su asistencia por correo electr\u00f3nico <a href=\"mailto:info@comunicatur.info?Subject=CONFIRMO%20ASISTENCIA%20COLOQUIO%20JOAN%20PUIGCERCOS\">info@comunicatur.info<\/a> o Telf. 93 436 18 36 &ndash; Anna Manyoses indicando nombre y apellido, email personal, empresa y\/o \u00e1mbito de actividad.<\/p>\n<p>&nbsp;<\/p>\n<p><em>Organizan:<\/em> <br \/>\n<img height=\"66\" alt=\"\" width=\"510\" usemap=\"#Map\" border=\"0\" longdesc=\"https:\/\/www.comunicatur.info\/cms\/images\/stories\/fotos\/1organitzadors1.jpg\" src=\"https:\/\/www.comunicatur.info\/cms\/images\/stories\/fotos\/1organitzadors1.jpg\" \/> <\/p>\n<map id=\"Map\" name=\"Map\">\n<area href=\"http:\/\/www.sct.cat\" coords=\"281,9,504,63\" shape=\"RECT\" \/>\n<area href=\"https:\/\/www.comunicatur.info\" coords=\"7,11,270,66\" shape=\"RECT\" \/><\/map>\n<\/p>\n<p>&nbsp;<\/p>\n<p><em>Patrocinan:<\/em><\/p>\n<p><img height=\"151\" alt=\"\" width=\"509\" usemap=\"#Map2\" border=\"0\" longdesc=\"https:\/\/www.comunicatur.info\/cms\/images\/stories\/fotos\/1sponsors1.jpg\" src=\"https:\/\/www.comunicatur.info\/cms\/images\/stories\/fotos\/1sponsors1.jpg\" \/> <\/p>\n<map id=\"Map2\" name=\"Map2\">\n<area href=\"http:\/\/www.avantgrup.com\" coords=\"3,2,231,66\" shape=\"RECT\" \/>\n<area href=\"http:\/\/www.unique.es\" coords=\"253,3,507,72\" shape=\"RECT\" \/>\n<area href=\"http:\/\/www.iberplan.es\" coords=\"3,78,247,144\" shape=\"RECT\" \/>\n<area href=\"http:\/\/www.galleryhotel.com\" coords=\"258,76,502,147\" shape=\"RECT\" \/><\/map><\/p>\n","protected":false},"author":1,"featured_media":0,"comment_status":"close","ping_status":"open","sticky":false,"template":"","format":"standard","meta":[],"categories":[68],"tags":[],"_links":{"self":[{"href":"https:\/\/www.comunicatur.info\/es\/wp-json\/wp\/v2\/posts\/2426"}],"collection":[{"href":"https:\/\/www.comunicatur.info\/es\/wp-json\/wp\/v2\/posts"}],"about":[{"href":"https:\/\/www.comunicatur.info\/es\/wp-json\/wp\/v2\/types\/post"}],"author":[{"embeddable":true,"href":"https:\/\/www.comunicatur.info\/es\/wp-json\/wp\/v2\/users\/1"}],"replies":[{"embeddable":true,"href":"https:\/\/www.comunicatur.info\/es\/wp-json\/wp\/v2\/comments?post=2426"}],"version-history":[{"count":0,"href":"https:\/\/www.comunicatur.info\/es\/wp-json\/wp\/v2\/posts\/2426\/revisions"}],"wp:attachment":[{"href":"https:\/\/www.comunicatur.info\/es\/wp-json\/wp\/v2\/media?parent=2426"}],"wp:term":[{"taxonomy":"category","embeddable":true,"href":"https:\/\/www.comunicatur.info\/es\/wp-json\/wp\/v2\/categories?post=2426"},{"taxonomy":"post_tag","embeddable":true,"href":"https:\/\/www.comunicatur.info\/es\/wp-json\/wp\/v2\/tags?post=2426"}],"curies":[{"name":"wp","href":"https:\/\/api.w.org\/{rel}","templated":true}]}}