{"id":24163,"date":"2024-01-09T00:00:12","date_gmt":"2024-01-08T22:00:12","guid":{"rendered":"https:\/\/www.comunicatur.info\/?p=24163"},"modified":"2024-01-08T20:12:08","modified_gmt":"2024-01-08T18:12:08","slug":"turespana-promociona-las-estaciones-de-esqui-mas-baratas","status":"publish","type":"post","link":"https:\/\/www.comunicatur.info\/es\/turespana-promociona-las-estaciones-de-esqui-mas-baratas\/","title":{"rendered":"Turespa\u00f1a promociona las estaciones de esqu\u00ed m\u00e1s baratas"},"content":{"rendered":"<p>En plena campa\u00f1a de invierno el organismo de promoci\u00f3n tur\u00edstica de Espa\u00f1a est\u00e1 comunicando internacionalmente cu\u00e1les son los destinos de nieve m\u00e1s baratos. <a href=\"https:\/\/spaintravelnews.co.uk\/\" target=\"_blank\" rel=\"noopener\">En su bolet\u00edn dirigido a los profesionales del turismo anglosajones<\/a> han destacado el aspecto <em><strong>\u201cbarato\u201d<\/strong><\/em> como gancho comercial. Llama la atenci\u00f3n que Turespa\u00f1a est\u00e9 orientando una promoci\u00f3n con estos valores.<\/p>\n<p>En la informaci\u00f3n de este mes de enero titulada <a href=\"https:\/\/spaintravelnews.co.uk\/001171_the-10-cheapest-ski-destinations-in-spain.html\" target=\"_blank\" rel=\"noopener\"><strong>The 10 cheapest ski destinations in Spain<\/strong> <\/a><em>(Los 10 destinos de esqu\u00ed m\u00e1s baratos de Espa\u00f1a)<\/em> hacen un ranking con los nombres de las estaciones y los precios de los forfaits. Concretamente explican que <strong>\u00abla m\u00e1s barata de Espa\u00f1a es Valgrande Pajares, en Asturias y en segundo lugar queda Valdezcaray, en La Rioja, que ofrece nieve de calidad gracias a su orientaci\u00f3n noroeste y a sus precios moderados\u00bb<\/strong>.<\/p>\n<p>Turespa\u00f1a tambi\u00e9n explica a los profesionales que <strong>\u00ablos precios de los forfaits no han aumentado respecto al a\u00f1o pasado y pueden encontrar opciones de alojamiento baratos\u00bb<\/strong>.<\/p>\n<p>Y hace la siguiente relaci\u00f3n de su Top 10 barato:<\/p>\n<p>1-Valgrande Pajares, 51\u20ac<br \/>\n2-Valdezcaray, 53\u20ac<br \/>\n3-Sierra de B\u00e9jar, 59\u20ac<br \/>\n4-San Isidro, 63\u20ac<br \/>\n5-Alto Campoo, 67\u20ac<br \/>\n6-La Pinilla, 69\u20ac<br \/>\n7-Espot Esqu\u00ed, 70\u20ac<br \/>\n8-Port Ain\u00e9, 76\u20ac<br \/>\n9-Bo\u00ed Ta\u00fcll, 77\u20ac<br \/>\n10-Port del Comte, 77\u20ac<\/p>\n","protected":false},"excerpt":{"rendered":"<p>En plena campa\u00f1a de invierno el organismo de promoci\u00f3n tur\u00edstica de Espa\u00f1a est\u00e1 comunicando internacionalmente cu\u00e1les son los destinos de nieve m\u00e1s baratos. En su bolet\u00edn dirigido a los profesionales del turismo anglosajones han destacado el aspecto \u201cbarato\u201d como gancho comercial. Llama la atenci\u00f3n que Turespa\u00f1a est\u00e9 orientando una promoci\u00f3n con estos valores. En la &hellip;<\/p>\n","protected":false},"author":408,"featured_media":24167,"comment_status":"closed","ping_status":"open","sticky":false,"template":"","format":"standard","meta":[],"categories":[64],"tags":[],"_links":{"self":[{"href":"https:\/\/www.comunicatur.info\/es\/wp-json\/wp\/v2\/posts\/24163"}],"collection":[{"href":"https:\/\/www.comunicatur.info\/es\/wp-json\/wp\/v2\/posts"}],"about":[{"href":"https:\/\/www.comunicatur.info\/es\/wp-json\/wp\/v2\/types\/post"}],"author":[{"embeddable":true,"href":"https:\/\/www.comunicatur.info\/es\/wp-json\/wp\/v2\/users\/408"}],"replies":[{"embeddable":true,"href":"https:\/\/www.comunicatur.info\/es\/wp-json\/wp\/v2\/comments?post=24163"}],"version-history":[{"count":2,"href":"https:\/\/www.comunicatur.info\/es\/wp-json\/wp\/v2\/posts\/24163\/revisions"}],"predecessor-version":[{"id":24165,"href":"https:\/\/www.comunicatur.info\/es\/wp-json\/wp\/v2\/posts\/24163\/revisions\/24165"}],"wp:featuredmedia":[{"embeddable":true,"href":"https:\/\/www.comunicatur.info\/es\/wp-json\/wp\/v2\/media\/24167"}],"wp:attachment":[{"href":"https:\/\/www.comunicatur.info\/es\/wp-json\/wp\/v2\/media?parent=24163"}],"wp:term":[{"taxonomy":"category","embeddable":true,"href":"https:\/\/www.comunicatur.info\/es\/wp-json\/wp\/v2\/categories?post=24163"},{"taxonomy":"post_tag","embeddable":true,"href":"https:\/\/www.comunicatur.info\/es\/wp-json\/wp\/v2\/tags?post=24163"}],"curies":[{"name":"wp","href":"https:\/\/api.w.org\/{rel}","templated":true}]}}