{"id":24152,"date":"2024-01-08T00:00:16","date_gmt":"2024-01-07T22:00:16","guid":{"rendered":"https:\/\/www.comunicatur.info\/?p=24152"},"modified":"2025-03-14T17:48:04","modified_gmt":"2025-03-14T15:48:04","slug":"portaventura-sigue-creciendo-fuera-de-los-limites-del-parque","status":"publish","type":"post","link":"https:\/\/www.comunicatur.info\/es\/portaventura-sigue-creciendo-fuera-de-los-limites-del-parque\/","title":{"rendered":"PortAventura sigue creciendo fuera de los l\u00edmites del parque"},"content":{"rendered":"<p>La estrategia de expansi\u00f3n hotelera de PortAventura World sigue en marcha. Ahora se ha conocido que incorpora a su portafolio un tercer establecimiento que no est\u00e1 ubicado en el per\u00edmetro del &#8216;resort&#8217;.<\/p>\n<p>Se trata del hotel Dorada Palace de 360 habitaciones. PortAventura invertir\u00e1 4 millones de euros en su renovaci\u00f3n. No asume su propiedad, s\u00f3lo su gesti\u00f3n.<\/p>\n<p>Con esta operaci\u00f3n la compa\u00f1\u00eda ofrece m\u00e1s de 3.000 habitaciones de categor\u00eda entre 4 y 5 estrellas sumando sus seis hoteles dentro del parque tem\u00e1tico y los tres fuera del complejo \u2013el reci\u00e9n incorporado hotel Dorada Palace, el hotel Pir\u00e1mide de Salou y el Atenea Aventura de Vila-seca. Seg\u00fan informaron, PortAventura quiere continuar con su estrategia hasta duplicar la actual capacidad hotelera y pasar a 6.000 habitaciones en los pr\u00f3ximos a\u00f1os.<\/p>\n","protected":false},"excerpt":{"rendered":"<p>La estrategia de expansi\u00f3n hotelera de PortAventura World sigue en marcha. Ahora se ha conocido que incorpora a su portafolio un tercer establecimiento que no est\u00e1 ubicado en el per\u00edmetro del &#8216;resort&#8217;. Se trata del hotel Dorada Palace de 360 habitaciones. PortAventura invertir\u00e1 4 millones de euros en su renovaci\u00f3n. No asume su propiedad, s\u00f3lo &hellip;<\/p>\n","protected":false},"author":408,"featured_media":24150,"comment_status":"closed","ping_status":"open","sticky":false,"template":"","format":"standard","meta":[],"categories":[59,61],"tags":[],"_links":{"self":[{"href":"https:\/\/www.comunicatur.info\/es\/wp-json\/wp\/v2\/posts\/24152"}],"collection":[{"href":"https:\/\/www.comunicatur.info\/es\/wp-json\/wp\/v2\/posts"}],"about":[{"href":"https:\/\/www.comunicatur.info\/es\/wp-json\/wp\/v2\/types\/post"}],"author":[{"embeddable":true,"href":"https:\/\/www.comunicatur.info\/es\/wp-json\/wp\/v2\/users\/408"}],"replies":[{"embeddable":true,"href":"https:\/\/www.comunicatur.info\/es\/wp-json\/wp\/v2\/comments?post=24152"}],"version-history":[{"count":1,"href":"https:\/\/www.comunicatur.info\/es\/wp-json\/wp\/v2\/posts\/24152\/revisions"}],"predecessor-version":[{"id":24153,"href":"https:\/\/www.comunicatur.info\/es\/wp-json\/wp\/v2\/posts\/24152\/revisions\/24153"}],"wp:featuredmedia":[{"embeddable":true,"href":"https:\/\/www.comunicatur.info\/es\/wp-json\/wp\/v2\/media\/24150"}],"wp:attachment":[{"href":"https:\/\/www.comunicatur.info\/es\/wp-json\/wp\/v2\/media?parent=24152"}],"wp:term":[{"taxonomy":"category","embeddable":true,"href":"https:\/\/www.comunicatur.info\/es\/wp-json\/wp\/v2\/categories?post=24152"},{"taxonomy":"post_tag","embeddable":true,"href":"https:\/\/www.comunicatur.info\/es\/wp-json\/wp\/v2\/tags?post=24152"}],"curies":[{"name":"wp","href":"https:\/\/api.w.org\/{rel}","templated":true}]}}