{"id":23932,"date":"2023-12-07T00:20:56","date_gmt":"2023-12-06T22:20:56","guid":{"rendered":"https:\/\/www.comunicatur.info\/?p=23932"},"modified":"2024-01-07T23:38:35","modified_gmt":"2024-01-07T21:38:35","slug":"la-jornada-som-turisme-del-patronato-de-turismo-de-la-diputacion-de-tarragona-constata-el-crecimiento-turistico-en-la-demarcacion","status":"publish","type":"post","link":"https:\/\/www.comunicatur.info\/es\/la-jornada-som-turisme-del-patronato-de-turismo-de-la-diputacion-de-tarragona-constata-el-crecimiento-turistico-en-la-demarcacion\/","title":{"rendered":"La jornada Som Turisme del Patronato de Turismo de la Diputaci\u00f3n de Tarragona constata el crecimiento tur\u00edstico en la demarcaci\u00f3n"},"content":{"rendered":"<p>Un a\u00f1o m\u00e1s se ha celebrado el acto <strong><em>Som Turisme<\/em><\/strong>, el acontecimiento creado por el Patronato de Turismo de la Diputaci\u00f3n de Tarragona para apoyar al sector y reconocer el trabajo bien hecho a trav\u00e9s del otorgamiento de los Premios Jordi Cartany\u00e0.<\/p>\n<p>Al hacer balance del a\u00f1o, se ha constatado el crecimiento de la actividad tur\u00edstica y su recuperaci\u00f3n con datos bastante significativos, en comparaci\u00f3n con los del a\u00f1o anterior.<br \/>\nPor ejemplo:<\/p>\n<p><strong>Costa Daurada<br \/>\n<\/strong>\u2022 4,8 millones de llegadas.<br \/>\n\u2022 18,2 millones de pernoctaciones totales.<br \/>\n\u2022 Estancia media: 3,7 noches.<br \/>\n\u2022 Crecimiento respecto al 2022: + 3,8%.<br \/>\n\u2022 Mercado prioritario: catal\u00e1n y resto del Estado: 51,8%.<br \/>\n\u2022 Principales mercados internacionales: franc\u00e9s (12,5%); brit\u00e1nico (10,3%); irland\u00e9s (6,3%).<\/p>\n<p><strong>Terres de l\u2019Ebre<br \/>\n<\/strong>\u2022 420.994 de llegadas.<br \/>\n\u2022 1,2 millones de pernoctaciones totales.<br \/>\n\u2022 Estancia: 3,0 noches.<br \/>\n\u2022 Crecimiento respecto al 2022: +0,3%.<br \/>\n\u2022 Mercado prioritario: catal\u00e1n y resto del Estado: 75,8%.<br \/>\n\u2022 Principales mercados internacionales: franc\u00e9s (10,9%); alem\u00e1n (3,9%); holand\u00e9s (2,8%).<\/p>\n<p>Es importante destacar que el mercado que m\u00e1s ha crecido en n\u00famero de pernoctaciones ha sido el alem\u00e1n, con un crecimiento del 41,8% en pernoctaciones en la Costa Daurada y un 33,5% en las Terres de l\u2019Ebre.<\/p>\n<p><strong>Aeropuerto de Reus<br \/>\n<\/strong>\u2022 1.040.303 usuarios (hasta el mes de octubre). Esta cifra no se hab\u00eda logrado desde 2019.<br \/>\n\u2022 23 rutas con origen o destino a Reus.<br \/>\n\u2022 Nuevas rutas 2024: Easyjet operar\u00e1 dos nuevas rutas: Londres-Lutton y Manchester.<\/p>\n<p><strong>Actividad crucerista<br \/>\n<\/strong>\u2022 55 cruceros han llegado a Tarragona este a\u00f1o.<br \/>\n\u2022 100.000 pasajeros.<br \/>\n\u2022 Novedades 2024:<br \/>\n&#8211; MSC mantendr\u00e1 como puerto base Tarragona.<br \/>\n&#8211; Organizaci\u00f3n de la 64\u00aa Asamblea de Medcruise (del 11 al 14 de junio).<\/p>\n<p>En los parlamentos, <strong>la presidenta de la Diputaci\u00f3n de Tarragona, Noem\u00ed Llaurad\u00f3<\/strong> dijo que <em>\u201ccerramos un ejercicio tur\u00edstico que nos propone nuevos retos a nivel social, econ\u00f3mico y ambiental. Continuaremos trabajando para lograr un modelo tur\u00edstico sostenible para la sociedad de acogida, que genere prosperidad y que contribuya a aumentar la calidad de vida de la ciudadan\u00eda. Para conseguirlo, seguiremos apostando por din\u00e1micas basadas en el conocimiento, la innovaci\u00f3n y la diversificaci\u00f3n de nuestra oferta, poniendo en valor todo aquello que nos diferencia y nos hace m\u00e1s competitivos y dando m\u00e1s peso al interior de la Costa Daurada y las Terres de l\u2019Ebre. Y lo haremos con liderazgo, responsabilidad y sumando alianzas y mecanismos de cooperaci\u00f3n entre el sector p\u00fablico y el privado.\u201d<\/em><\/p>\n<p>Por su parte, <strong>el presidente del Patronato de Turismo, Carlos Brull<\/strong>, destac\u00f3 la importancia del aeropuerto de Reus en la recuperaci\u00f3n del mercado internacional y la oportunidad que la situaci\u00f3n internacional da al destino, afirmando que \u201c<em>tenemos por delante muchos retos, ya sea a nivel medioambiental, por la incertidumbre econ\u00f3mica o por la inestabilidad en determinados pa\u00edses, que nos puede afectar, provocando que seamos destino refugio de vacaciones\u201d.<\/em><\/p>\n<p>Finalmente, <strong>la directora general de Turismo de Catalu\u00f1a, Marta Dom\u00e8nech,<\/strong> incidi\u00f3 en la capacidad de atracci\u00f3n de Catalu\u00f1a, ya que <em>\u201ces tan amplia que el turismo ha llegado, llega y seguir\u00e1 llegando en el futuro. La cuesti\u00f3n es como lo podemos hacer para optimizar lo que es una fuente de riqueza para que se genere una prosperidad compartida por el conjunto de la sociedad y seguir potenciando los atributos positivos que aporta a la sociedad\u201d.<\/em><\/p>\n<h3>32\u00aa edici\u00f3n de los Premios Jordi Cartany\u00e0<\/h3>\n<figure id=\"attachment_23927\" aria-describedby=\"caption-attachment-23927\" style=\"width: 300px\" class=\"wp-caption alignright\"><img class=\"wp-image-23927 size-medium\" src=\"https:\/\/www.comunicatur.info\/wp-content\/uploads\/2023\/12\/392-SOMTURISME-23112023-300x197.jpg\" alt=\"\" width=\"300\" height=\"197\" srcset=\"https:\/\/www.comunicatur.info\/wp-content\/uploads\/2023\/12\/392-SOMTURISME-23112023-300x197.jpg 300w, https:\/\/www.comunicatur.info\/wp-content\/uploads\/2023\/12\/392-SOMTURISME-23112023-1024x673.jpg 1024w, https:\/\/www.comunicatur.info\/wp-content\/uploads\/2023\/12\/392-SOMTURISME-23112023-768x505.jpg 768w, https:\/\/www.comunicatur.info\/wp-content\/uploads\/2023\/12\/392-SOMTURISME-23112023-600x394.jpg 600w, https:\/\/www.comunicatur.info\/wp-content\/uploads\/2023\/12\/392-SOMTURISME-23112023-1536x1009.jpg 1536w, https:\/\/www.comunicatur.info\/wp-content\/uploads\/2023\/12\/392-SOMTURISME-23112023.jpg 1540w\" sizes=\"(max-width: 300px) 100vw, 300px\" \/><figcaption id=\"caption-attachment-23927\" class=\"wp-caption-text\">\u00a9Patronat de Turisme Diputaci\u00f3 Tarragona<\/figcaption><\/figure>\n<p>La jornada <em>Som Turisme<\/em> tambi\u00e9n fue el momento en que se libraron los <strong>Premios Jordi Cartany\u00e0 de Turismo 2023<\/strong>. Se trata de los premios que reconocen iniciativas empresariales en el campo tur\u00edstico y que convoca la Diputaci\u00f3n de Tarragona a trav\u00e9s del Patronato de Turismo. Los premios tienen una dotaci\u00f3n total de 30.000 euros y han distinguido seis iniciativas de la demarcaci\u00f3n, cada una de las cuales ha recibido 5.000 euros de premio.<br \/>\nLos galardonados han sido:<\/p>\n<p>\u2022 Mejor propuesta innovadora y creativa para un desarrollo tur\u00edstico sostenible: <a href=\"https:\/\/www.alfacs.com\" target=\"_blank\" rel=\"noopener\"><strong>Camping Alfacs<\/strong><\/a> (Alcanar) y <a href=\"https:\/\/rucsdemontsant.wordpress.com\/\" target=\"_blank\" rel=\"noopener\"><strong>Rucs de Montsant<\/strong><\/a> (Cabac\u00e9s), de Ferran Mestres.<\/p>\n<ul>\n<li>Mejor propuesta de soluciones tecnol\u00f3gicas para la comercializaci\u00f3n y comunicaci\u00f3n de productos y servicios tur\u00edsticos: <a href=\"https:\/\/elbrogit.com\/es\/\" target=\"_blank\" rel=\"noopener\"><strong>Reconecta con el terr\u00f3n,<\/strong><\/a> de El Brogit-Ludi Artis (Falset) y <a href=\"https:\/\/www.mar.eco\/mar-box\/\" target=\"_blank\" rel=\"noopener\"><strong>+MarBox<\/strong><\/a> de la empresa Mesmar (la R\u00e0pita).<\/li>\n<li>Mejor propuesta para la creaci\u00f3n de nuevos productos de turismo experiencial: <a href=\"https:\/\/www.arte-contemporary.eu\/\" target=\"_blank\" rel=\"noopener\"><strong>Descubre el arte contempor\u00e1neo en el Delta del Ebro<\/strong><\/a>, de De Arte-Contemporary (la R\u00e0pita) y <a href=\"https:\/\/dna.es\/\" target=\"_blank\" rel=\"noopener\"><strong>Juego y descubrimiento para toda la familia durante las visitas al Parc Sam\u00e0<\/strong><\/a> de Developing Natural Activities, S.L. (Cambrils).<\/li>\n<\/ul>\n<p>SOM TURISME 2023 se celebr\u00f3 en el Celler de Vila-Seca. Pod\u00e9is ver el video completo de la jornada <a href=\"https:\/\/www.youtube.com\/watch?v=h2PqsE_WS48\" target=\"_blank\" rel=\"noopener\"><strong>AQU\u00cd.<\/strong><\/a><\/p>\n","protected":false},"excerpt":{"rendered":"<p>Un a\u00f1o m\u00e1s se ha celebrado el acto Som Turisme, el acontecimiento creado por el Patronato de Turismo de la Diputaci\u00f3n de Tarragona para apoyar al sector y reconocer el trabajo bien hecho a trav\u00e9s del otorgamiento de los Premios Jordi Cartany\u00e0. Al hacer balance del a\u00f1o, se ha constatado el crecimiento de la actividad &hellip;<\/p>\n","protected":false},"author":408,"featured_media":23925,"comment_status":"closed","ping_status":"open","sticky":false,"template":"","format":"standard","meta":[],"categories":[62,68],"tags":[],"_links":{"self":[{"href":"https:\/\/www.comunicatur.info\/es\/wp-json\/wp\/v2\/posts\/23932"}],"collection":[{"href":"https:\/\/www.comunicatur.info\/es\/wp-json\/wp\/v2\/posts"}],"about":[{"href":"https:\/\/www.comunicatur.info\/es\/wp-json\/wp\/v2\/types\/post"}],"author":[{"embeddable":true,"href":"https:\/\/www.comunicatur.info\/es\/wp-json\/wp\/v2\/users\/408"}],"replies":[{"embeddable":true,"href":"https:\/\/www.comunicatur.info\/es\/wp-json\/wp\/v2\/comments?post=23932"}],"version-history":[{"count":3,"href":"https:\/\/www.comunicatur.info\/es\/wp-json\/wp\/v2\/posts\/23932\/revisions"}],"predecessor-version":[{"id":23935,"href":"https:\/\/www.comunicatur.info\/es\/wp-json\/wp\/v2\/posts\/23932\/revisions\/23935"}],"wp:featuredmedia":[{"embeddable":true,"href":"https:\/\/www.comunicatur.info\/es\/wp-json\/wp\/v2\/media\/23925"}],"wp:attachment":[{"href":"https:\/\/www.comunicatur.info\/es\/wp-json\/wp\/v2\/media?parent=23932"}],"wp:term":[{"taxonomy":"category","embeddable":true,"href":"https:\/\/www.comunicatur.info\/es\/wp-json\/wp\/v2\/categories?post=23932"},{"taxonomy":"post_tag","embeddable":true,"href":"https:\/\/www.comunicatur.info\/es\/wp-json\/wp\/v2\/tags?post=23932"}],"curies":[{"name":"wp","href":"https:\/\/api.w.org\/{rel}","templated":true}]}}