{"id":23915,"date":"2023-12-05T00:00:14","date_gmt":"2023-12-04T22:00:14","guid":{"rendered":"https:\/\/www.comunicatur.info\/?p=23915"},"modified":"2024-01-07T23:38:16","modified_gmt":"2024-01-07T21:38:16","slug":"iryo-se-come-en-solo-un-ano-la-cuarta-parte-del-mercado-en-espana","status":"publish","type":"post","link":"https:\/\/www.comunicatur.info\/es\/iryo-se-come-en-solo-un-ano-la-cuarta-parte-del-mercado-en-espana\/","title":{"rendered":"Iryo se come en s\u00f3lo un a\u00f1o la cuarta parte del mercado en Espa\u00f1a"},"content":{"rendered":"<p>La compa\u00f1\u00eda italiana de alta velocidad ferroviaria ha movido a 5,2 millones de pasajeros en su primer a\u00f1o de actividad en Espa\u00f1a y ha realizado casi 17.000 trayectos. Iryo ha logrado en doce meses llevarse el 25% del mercado de la Alta Velocidad.<\/p>\n<p>El operador formado por Trenitalia (socio mayoritario con el 45%), Globalia y Air Nostrum empez\u00f3 a finales de noviembre de 2022 con la ruta Barcelona-Madrid. Hoy gestiona el 30% de las frecuencias de ese recorrido. Tambi\u00e9n tiene conexiones con Valencia, Alicante, C\u00f3rdoba, Sevilla y M\u00e1laga, entre otras capitales.<\/p>\n<p><a href=\"https:\/\/www.comunicatur.info\/es\/iryo-multiplicara-sus-frecuencias-en-pocos-meses\/\" target=\"_blank\" rel=\"noopener\">Su futuro en Espa\u00f1a es esperanzador.<\/a> La ocupaci\u00f3n media de sus trenes supera los dos tercios, el 66%. Todav\u00eda tardar\u00e1 en conseguir beneficios porque debe amortizar la inversi\u00f3n realizada en una veintena de convoyes que cubren sus l\u00edneas. Para ayudar a la sostenibilidad econ\u00f3mica de la compa\u00f1\u00eda reclama una rebaja de los c\u00e1nones ferroviarios que cobra Adif, el gestor de la infraestructura. La demanda coincide en el momento en que Adif est\u00e1 definiendo los nuevos c\u00e1nones.<\/p>\n<p>La pr\u00f3xima novedad de Iryo es la inauguraci\u00f3n, este mes de diciembre, de la conexi\u00f3n Barcelona-Sevilla que tendr\u00e1 4 frecuencias diarias con paradas en Zaragoza, Madrid y C\u00f3rdoba.<\/p>\n<blockquote class=\"wp-embedded-content\" data-secret=\"8gTR2Pp4h5\"><p><a href=\"https:\/\/www.comunicatur.info\/es\/iryo-multiplicara-sus-frecuencias-en-pocos-meses\/\">Iryo multiplicar\u00e1 sus frecuencias en pocos meses<\/a><\/p><\/blockquote>\n<p><iframe class=\"wp-embedded-content\" sandbox=\"allow-scripts\" security=\"restricted\" style=\"position: absolute; clip: rect(1px, 1px, 1px, 1px);\" title=\"&#8220;Iryo multiplicar\u00e1 sus frecuencias en pocos meses&#8221; &#8212; Comunicatur\" src=\"https:\/\/www.comunicatur.info\/es\/iryo-multiplicara-sus-frecuencias-en-pocos-meses\/embed\/#?secret=kcUBucXInr#?secret=8gTR2Pp4h5\" data-secret=\"8gTR2Pp4h5\" width=\"500\" height=\"282\" frameborder=\"0\" marginwidth=\"0\" marginheight=\"0\" scrolling=\"no\"><\/iframe><\/p>\n","protected":false},"excerpt":{"rendered":"<p>La compa\u00f1\u00eda italiana de alta velocidad ferroviaria ha movido a 5,2 millones de pasajeros en su primer a\u00f1o de actividad en Espa\u00f1a y ha realizado casi 17.000 trayectos. Iryo ha logrado en doce meses llevarse el 25% del mercado de la Alta Velocidad. El operador formado por Trenitalia (socio mayoritario con el 45%), Globalia y &hellip;<\/p>\n","protected":false},"author":408,"featured_media":23910,"comment_status":"closed","ping_status":"open","sticky":false,"template":"","format":"standard","meta":[],"categories":[61,65],"tags":[],"_links":{"self":[{"href":"https:\/\/www.comunicatur.info\/es\/wp-json\/wp\/v2\/posts\/23915"}],"collection":[{"href":"https:\/\/www.comunicatur.info\/es\/wp-json\/wp\/v2\/posts"}],"about":[{"href":"https:\/\/www.comunicatur.info\/es\/wp-json\/wp\/v2\/types\/post"}],"author":[{"embeddable":true,"href":"https:\/\/www.comunicatur.info\/es\/wp-json\/wp\/v2\/users\/408"}],"replies":[{"embeddable":true,"href":"https:\/\/www.comunicatur.info\/es\/wp-json\/wp\/v2\/comments?post=23915"}],"version-history":[{"count":3,"href":"https:\/\/www.comunicatur.info\/es\/wp-json\/wp\/v2\/posts\/23915\/revisions"}],"predecessor-version":[{"id":23918,"href":"https:\/\/www.comunicatur.info\/es\/wp-json\/wp\/v2\/posts\/23915\/revisions\/23918"}],"wp:featuredmedia":[{"embeddable":true,"href":"https:\/\/www.comunicatur.info\/es\/wp-json\/wp\/v2\/media\/23910"}],"wp:attachment":[{"href":"https:\/\/www.comunicatur.info\/es\/wp-json\/wp\/v2\/media?parent=23915"}],"wp:term":[{"taxonomy":"category","embeddable":true,"href":"https:\/\/www.comunicatur.info\/es\/wp-json\/wp\/v2\/categories?post=23915"},{"taxonomy":"post_tag","embeddable":true,"href":"https:\/\/www.comunicatur.info\/es\/wp-json\/wp\/v2\/tags?post=23915"}],"curies":[{"name":"wp","href":"https:\/\/api.w.org\/{rel}","templated":true}]}}