{"id":2381,"date":"2010-06-12T14:35:15","date_gmt":"2010-06-12T14:35:15","guid":{"rendered":"https:\/\/comunicatur.info\/ramon-bago-estem-comercialitzant-amb-la-miseria-2\/"},"modified":"2010-06-12T14:35:15","modified_gmt":"2010-06-12T14:35:15","slug":"ramon-bago-estem-comercialitzant-amb-la-miseria-2","status":"publish","type":"post","link":"https:\/\/www.comunicatur.info\/es\/ramon-bago-estem-comercialitzant-amb-la-miseria-2\/","title":{"rendered":"Ramon Bag\u00f3: \u201cEstamos comercializando con la miseria\u201d"},"content":{"rendered":"<p>Ramon Bag\u00f3, presidente del grupo Serhs, primer grupo tur\u00edstico de Catalu\u00f1a ve dif\u00edcil hacer inversiones en el \u00e1mbito espa\u00f1ol: \u201cEspa\u00f1a est\u00e1 exageradamente sobredimensionada en n\u00famero de hoteles\u201d y los precios de algunas zonas \u201cno justifican ni el gasto del d\u00eda a d\u00eda\u201d.<\/p>\n<p><img class=\"\" height=\"126\" alt=\"\" width=\"163\" src=\"https:\/\/www.comunicatur.info\/cms\/images\/stories\/fotos\/bago.jpg\" \/><\/p>\n<p>Bag\u00f3 apuesta en el <em><u><a href=\"http:\/\/youtube.com\/comunicatur\" target=\"_blank\" rel=\"noopener\">Debate Comunicatur.info<\/a><\/u><\/em> por un turismo de calidad y no de cantidad y manifiesta que ahora \u201cestamos comercializando con la miseria\u201d.<\/p>\n<p><\/p>\n<p>Intervienen en el programa la periodista Carmen Ayala, el consultor tur\u00edstico, Jordi Blanch y el director institucional de Comunicatur, Enric Domingo.<\/p>\n<p><strong>Parte 1 del Debate<\/strong><\/p>\n<p><object width=\"320\" height=\"265\"><param name=\"movie\" value=\"http:\/\/www.youtube.com\/v\/VQZuYHIoXDc&#038;hl=es_ES&#038;fs=1&#038;color1=0x234900&#038;color2=0x4e9e00\"><\/param><param name=\"allowFullScreen\" value=\"true\"><\/param><param name=\"allowscriptaccess\" value=\"always\"><\/param><embed src=\"http:\/\/www.youtube.com\/v\/VQZuYHIoXDc&#038;hl=es_ES&#038;fs=1&#038;color1=0x234900&#038;color2=0x4e9e00\" type=\"application\/x-shockwave-flash\" allowscriptaccess=\"always\" allowfullscreen=\"true\" width=\"320\" height=\"265\"><\/embed><\/object><\/p>\n<p><a href=\" http:\/\/www.youtube.com\/watch?v=VQZuYHIoXDc\">Mejor ancho de banda para este video<\/a><\/p>\n<p><strong>Parte 2 del Debate<\/strong><\/p>\n<p><object width=\"320\" height=\"265\"><param name=\"movie\" value=\"http:\/\/www.youtube.com\/v\/tDWdZO3LnRw&#038;hl=es_ES&#038;fs=1&#038;color1=0x234900&#038;color2=0x4e9e00\"><\/param><param name=\"allowFullScreen\" value=\"true\"><\/param><param name=\"allowscriptaccess\" value=\"always\"><\/param><embed src=\"http:\/\/www.youtube.com\/v\/tDWdZO3LnRw&#038;hl=es_ES&#038;fs=1&#038;color1=0x234900&#038;color2=0x4e9e00\" type=\"application\/x-shockwave-flash\" allowscriptaccess=\"always\" allowfullscreen=\"true\" width=\"320\" height=\"265\"><\/embed><\/object> <\/p>\n<p><a href=\" http:\/\/www.youtube.com\/watch?v=tDWdZO3LnRw\">Mejor ancho de banda para este video<\/a><\/p>\n<p><strong>Parte 3 del Debate<\/strong><\/p>\n<p><object width=\"320\" height=\"265\"><param name=\"movie\" value=\"http:\/\/www.youtube.com\/v\/CdoEAAh4Yi8&#038;hl=es_ES&#038;fs=1&#038;color1=0x234900&#038;color2=0x4e9e00\"><\/param><param name=\"allowFullScreen\" value=\"true\"><\/param><param name=\"allowscriptaccess\" value=\"always\"><\/param><embed src=\"http:\/\/www.youtube.com\/v\/CdoEAAh4Yi8&#038;hl=es_ES&#038;fs=1&#038;color1=0x234900&#038;color2=0x4e9e00\" type=\"application\/x-shockwave-flash\" allowscriptaccess=\"always\" allowfullscreen=\"true\" width=\"320\" height=\"265\"><\/embed><\/object> <\/p>\n<p><a href=\" http:\/\/www.youtube.com\/watch?v=CdoEAAh4Yi8\">Mejor ancho de banda para este video<\/a><\/p>\n<p>Accede a todos los programas del <em><u><a href=\"http:\/\/youtube.com\/comunicatur\" target=\"_blank\" rel=\"noopener\">Debate de Comunicatur.info<\/a><\/u><\/em><\/p>\n","protected":false},"excerpt":{"rendered":"<p>Ramon Bag\u00f3, presidente del grupo Serhs, primer grupo tur\u00edstico de Catalu\u00f1a ve dif\u00edcil hacer inversiones en el \u00e1mbito espa\u00f1ol: \u201cEspa\u00f1a est\u00e1 exageradamente sobredimensionada en n\u00famero de hoteles\u201d y los precios de algunas zonas \u201cno justifican ni el gasto del d\u00eda a d\u00eda\u201d.<\/p>\n<p><img class=\"\" height=\"126\" alt=\"\" width=\"163\" src=\"https:\/\/www.comunicatur.info\/cms\/images\/stories\/fotos\/bago.jpg\" \/><\/p>\n<p>Bag\u00f3 apuesta en el <em><u><a href=\"http:\/\/youtube.com\/comunicatur\">Debate Comunicatur.info<\/a><\/u><\/em> por un turismo de calidad y no de cantidad y manifiesta que ahora \u201cestamos comercializando con la miseria\u201d.<\/p>\n","protected":false},"author":1,"featured_media":0,"comment_status":"close","ping_status":"open","sticky":false,"template":"","format":"standard","meta":[],"categories":[23],"tags":[],"_links":{"self":[{"href":"https:\/\/www.comunicatur.info\/es\/wp-json\/wp\/v2\/posts\/2381"}],"collection":[{"href":"https:\/\/www.comunicatur.info\/es\/wp-json\/wp\/v2\/posts"}],"about":[{"href":"https:\/\/www.comunicatur.info\/es\/wp-json\/wp\/v2\/types\/post"}],"author":[{"embeddable":true,"href":"https:\/\/www.comunicatur.info\/es\/wp-json\/wp\/v2\/users\/1"}],"replies":[{"embeddable":true,"href":"https:\/\/www.comunicatur.info\/es\/wp-json\/wp\/v2\/comments?post=2381"}],"version-history":[{"count":0,"href":"https:\/\/www.comunicatur.info\/es\/wp-json\/wp\/v2\/posts\/2381\/revisions"}],"wp:attachment":[{"href":"https:\/\/www.comunicatur.info\/es\/wp-json\/wp\/v2\/media?parent=2381"}],"wp:term":[{"taxonomy":"category","embeddable":true,"href":"https:\/\/www.comunicatur.info\/es\/wp-json\/wp\/v2\/categories?post=2381"},{"taxonomy":"post_tag","embeddable":true,"href":"https:\/\/www.comunicatur.info\/es\/wp-json\/wp\/v2\/tags?post=2381"}],"curies":[{"name":"wp","href":"https:\/\/api.w.org\/{rel}","templated":true}]}}