{"id":23799,"date":"2023-11-17T12:08:39","date_gmt":"2023-11-17T10:08:39","guid":{"rendered":"https:\/\/www.comunicatur.info\/?p=23799"},"modified":"2024-01-07T23:33:41","modified_gmt":"2024-01-07T21:33:41","slug":"ahora-barcelona-se-desmarca-del-acuerdo-que-permitia-abrir-nuevos-hoteles","status":"publish","type":"post","link":"https:\/\/www.comunicatur.info\/es\/ahora-barcelona-se-desmarca-del-acuerdo-que-permitia-abrir-nuevos-hoteles\/","title":{"rendered":"Ahora Barcelona se desmarca del acuerdo que permit\u00eda abrir nuevos hoteles"},"content":{"rendered":"<p>Pocas horas ha durado la posibilidad de modificar el Plan Especial Urban\u00edstico de Alojamientos Tur\u00edsticos (Peuat) de la ciudad de Barcelona para permitir que se abrieran nuevos hoteles en edificios monumentales.<\/p>\n<p>La primera teniente alcalde de Barcelona, Laia Bonet, ha rebajado las expectativas v\u00eda X (Twitter), intentando apagar la cr\u00edtica de colectivos vecinales. Todo empez\u00f3 tras la aprobaci\u00f3n de una propuesta del partido Junts en la comisi\u00f3n de urbanismo del ayuntamiento que propon\u00eda la apertura de hoteles singulares en toda la ciudad y especificaba que tambi\u00e9n estaban incluidas las zonas denominadas 1 y 2, que son las m\u00e1s tensionadas por el turismo como son los barrios de Ciutat Vella, Poblenou o el barrio G\u00f3tico.<\/p>\n<p>En Twitter, la teniente de alcalde ha asegurado que mantendr\u00e1 las restricciones. Aunque el art\u00edculo que desbloqueaba el Peuat supone claramente acabar con la moratoria de alojamientos tur\u00edsticos en la ciudad.<\/p>\n<blockquote class=\"twitter-tweet\">\n<p dir=\"ltr\" lang=\"ca\">El govern municipal no ha acordat ni amb Junts ni amb cap altre grup la reforma del PEUAT per regular les llars compartides o permetre nous projectes hotelers a Ciutat Vella o a l\u2019Eixample\ud83d\udc47<\/p>\n<p>\u2014 Laia Bonet (@laiabonetrull) <a href=\"https:\/\/twitter.com\/laiabonetrull\/status\/1725182556310565283?ref_src=twsrc%5Etfw\" target=\"_blank\" rel=\"noopener\">November 16, 2023<\/a><\/p><\/blockquote>\n<p><script async src=\"https:\/\/platform.twitter.com\/widgets.js\" charset=\"utf-8\"><\/script><\/p>\n<p>En la misma propuesta se inclu\u00eda desbloquear tambi\u00e9n el veto al alquiler de habitaciones en pisos particulares. El PSC se abstuvo y eso dio pie a su aprobaci\u00f3n, si hubiera votado en contra se hubiera rechazado con lo que queda claro que la nueva postura del ayuntamiento de Jaume Collboni era que tirara adelante.<\/p>\n<p>La reacci\u00f3n de los miembros del partido Junts ha sido recordarle al alcalde sus manifestaciones sobre su predisposici\u00f3n a estudiar de forma favorable la apertura de hoteles que apuesten por un turismo de calidad para la ciudad.<\/p>\n","protected":false},"excerpt":{"rendered":"<p>Pocas horas ha durado la posibilidad de modificar el Plan Especial Urban\u00edstico de Alojamientos Tur\u00edsticos (Peuat) de la ciudad de Barcelona para permitir que se abrieran nuevos hoteles en edificios monumentales. La primera teniente alcalde de Barcelona, Laia Bonet, ha rebajado las expectativas v\u00eda X (Twitter), intentando apagar la cr\u00edtica de colectivos vecinales. Todo empez\u00f3 &hellip;<\/p>\n","protected":false},"author":408,"featured_media":23795,"comment_status":"closed","ping_status":"open","sticky":false,"template":"","format":"standard","meta":[],"categories":[59,62],"tags":[],"_links":{"self":[{"href":"https:\/\/www.comunicatur.info\/es\/wp-json\/wp\/v2\/posts\/23799"}],"collection":[{"href":"https:\/\/www.comunicatur.info\/es\/wp-json\/wp\/v2\/posts"}],"about":[{"href":"https:\/\/www.comunicatur.info\/es\/wp-json\/wp\/v2\/types\/post"}],"author":[{"embeddable":true,"href":"https:\/\/www.comunicatur.info\/es\/wp-json\/wp\/v2\/users\/408"}],"replies":[{"embeddable":true,"href":"https:\/\/www.comunicatur.info\/es\/wp-json\/wp\/v2\/comments?post=23799"}],"version-history":[{"count":3,"href":"https:\/\/www.comunicatur.info\/es\/wp-json\/wp\/v2\/posts\/23799\/revisions"}],"predecessor-version":[{"id":23802,"href":"https:\/\/www.comunicatur.info\/es\/wp-json\/wp\/v2\/posts\/23799\/revisions\/23802"}],"wp:featuredmedia":[{"embeddable":true,"href":"https:\/\/www.comunicatur.info\/es\/wp-json\/wp\/v2\/media\/23795"}],"wp:attachment":[{"href":"https:\/\/www.comunicatur.info\/es\/wp-json\/wp\/v2\/media?parent=23799"}],"wp:term":[{"taxonomy":"category","embeddable":true,"href":"https:\/\/www.comunicatur.info\/es\/wp-json\/wp\/v2\/categories?post=23799"},{"taxonomy":"post_tag","embeddable":true,"href":"https:\/\/www.comunicatur.info\/es\/wp-json\/wp\/v2\/tags?post=23799"}],"curies":[{"name":"wp","href":"https:\/\/api.w.org\/{rel}","templated":true}]}}