{"id":23745,"date":"2023-11-09T00:00:57","date_gmt":"2023-11-08T22:00:57","guid":{"rendered":"https:\/\/www.comunicatur.info\/?p=23745"},"modified":"2023-11-07T19:55:37","modified_gmt":"2023-11-07T17:55:37","slug":"8-de-cada-10-ciudadanos-de-las-comarcas-de-barcelona-ven-positivo-el-impacto-del-turismo","status":"publish","type":"post","link":"https:\/\/www.comunicatur.info\/es\/8-de-cada-10-ciudadanos-de-las-comarcas-de-barcelona-ven-positivo-el-impacto-del-turismo\/","title":{"rendered":"8 de cada 10 ciudadanos de las comarcas de Barcelona ven positivo el impacto del turismo"},"content":{"rendered":"<p>A pesar de la controversia sobre los efectos del turismo sobre el conjunto de la sociedad, lo cierto es que, a\u00f1o tras a\u00f1o, los ciudadanos de las comarcas de Barcelona manifiestan abrumadoramente <strong>que<\/strong> <strong>el impacto es positivo (60,9%) o muy positivo (23%).<\/strong> Estos porcentajes se mantienen bastante estables desde la pandemia.<\/p>\n<p>Son los datos del estudio <strong><em>La opini\u00f3n ciudadana sobre el turismo en la regi\u00f3n de Barcelona \u2013 Primavera 2023 <\/em><\/strong>que, como es habitual, ha elaborado el <strong>LAB TURISME de la Diputaci\u00f3n de Barcelona. <\/strong>Este informe se ha efectuado a partir de encuestas a ciudadanos y ciudadanas de la provincia \u2014excluyendo la ciudad de Barcelona\u2014 entre los meses de mayo y junio de 2023.<\/p>\n<p>Adem\u00e1s <strong>la percepci\u00f3n positiva es mayoritaria en todas las franjas de edad. Destaca con un 90,2% la valoraci\u00f3n positiva que hacen las personas de 54 a 64 a\u00f1os.<\/strong> Por su parte, los m\u00e1s j\u00f3venes, de entre 16 y 24 a\u00f1os, tambi\u00e9n ven el turismo como positivo, pero en un porcentaje m\u00e1s bajo: 77,1%.<\/p>\n<p>Es importante se\u00f1alar que <strong>el 71,3% de la ciudadan\u00eda considera que se debe continuar fomentando el turismo<\/strong> i que el 49,7% piensa que su propia comarca deber\u00eda conseguir atraer m\u00e1s turistas.<\/p>\n<p>Este estudio tambi\u00e9n profundiza en la importancia del turismo como sector econ\u00f3mico. Entre los cuatro sectores sugeridos, <strong>el de<\/strong> <strong>la industria es el que aporta m\u00e1s riqueza a las comarcas para un 41,5% de los encuestados. Le siguen el turismo (23,9%), el comercio (19,6%) y el campesinado, la ganader\u00eda y la pesca (3,9%).<br \/>\nEn las comarcas del<\/strong> <strong>Garraf, el Barcelon\u00e8s y el Bergued\u00e0, el turismo se sit\u00faa en primera posici\u00f3n en importancia como sector econ\u00f3mico.<\/strong><\/p>\n<p>El informe tambi\u00e9n detecta que un 39,2% de los encuestados creen que se est\u00e1 llegando al l\u00edmite de la capacidad para poder absorber el turismo en su comarca y que un 46,2% manifiesta que el turismo limita las actividades y el espacio p\u00fablico de los residentes.<\/p>\n<p>Pod\u00e9is ver el informe de resultados del estudio de primavera del LAB TURISME de la Diputaci\u00f3n de Barcelona <a href=\"https:\/\/www.diba.cat\/documents\/74348\/357830599\/20231020+Informe+percepci%C3%B3+ciutadana+vers+el+turisme+-+Primavera+2023.pdf\/faa23755-fb68-bfb1-2a70-e4f0d85db202?t=1697787860891\" target=\"_blank\" rel=\"noopener\"><strong>AQU\u00cd<\/strong>.<\/a><\/p>\n<p>Y si quer\u00e9is comparar o ver los diferentes informes de percepci\u00f3n ciudadana hacia el turismo desde la primavera de 2017, lo pod\u00e9is hacer clicando <a href=\"https:\/\/www.diba.cat\/es\/web\/dturisme\/informes-de-coyuntura\" target=\"_blank\" rel=\"noopener\"><strong>AQU\u00cd.<\/strong><\/a><\/p>\n<p style=\"text-align: right;\"><em>En colaboraci\u00f3n con la Diputaci\u00f3n de Barcelona<\/em><\/p>\n","protected":false},"excerpt":{"rendered":"<p>A pesar de la controversia sobre los efectos del turismo sobre el conjunto de la sociedad, lo cierto es que, a\u00f1o tras a\u00f1o, los ciudadanos de las comarcas de Barcelona manifiestan abrumadoramente que el impacto es positivo (60,9%) o muy positivo (23%). Estos porcentajes se mantienen bastante estables desde la pandemia. Son los datos del &hellip;<\/p>\n","protected":false},"author":408,"featured_media":23737,"comment_status":"closed","ping_status":"open","sticky":false,"template":"","format":"standard","meta":[],"categories":[74],"tags":[],"_links":{"self":[{"href":"https:\/\/www.comunicatur.info\/es\/wp-json\/wp\/v2\/posts\/23745"}],"collection":[{"href":"https:\/\/www.comunicatur.info\/es\/wp-json\/wp\/v2\/posts"}],"about":[{"href":"https:\/\/www.comunicatur.info\/es\/wp-json\/wp\/v2\/types\/post"}],"author":[{"embeddable":true,"href":"https:\/\/www.comunicatur.info\/es\/wp-json\/wp\/v2\/users\/408"}],"replies":[{"embeddable":true,"href":"https:\/\/www.comunicatur.info\/es\/wp-json\/wp\/v2\/comments?post=23745"}],"version-history":[{"count":2,"href":"https:\/\/www.comunicatur.info\/es\/wp-json\/wp\/v2\/posts\/23745\/revisions"}],"predecessor-version":[{"id":23747,"href":"https:\/\/www.comunicatur.info\/es\/wp-json\/wp\/v2\/posts\/23745\/revisions\/23747"}],"wp:featuredmedia":[{"embeddable":true,"href":"https:\/\/www.comunicatur.info\/es\/wp-json\/wp\/v2\/media\/23737"}],"wp:attachment":[{"href":"https:\/\/www.comunicatur.info\/es\/wp-json\/wp\/v2\/media?parent=23745"}],"wp:term":[{"taxonomy":"category","embeddable":true,"href":"https:\/\/www.comunicatur.info\/es\/wp-json\/wp\/v2\/categories?post=23745"},{"taxonomy":"post_tag","embeddable":true,"href":"https:\/\/www.comunicatur.info\/es\/wp-json\/wp\/v2\/tags?post=23745"}],"curies":[{"name":"wp","href":"https:\/\/api.w.org\/{rel}","templated":true}]}}